{"id":1828,"date":"2026-01-29T15:05:07","date_gmt":"2026-01-29T14:05:07","guid":{"rendered":"https:\/\/www.graiesclimalab.eu\/?p=1828"},"modified":"2026-02-04T15:48:07","modified_gmt":"2026-02-04T14:48:07","slug":"publication-de-lavis-denquete-exploratoire","status":"publish","type":"post","link":"https:\/\/www.graiesclimalab.eu\/fr\/2026\/01\/29\/publication-de-lavis-denquete-exploratoire\/","title":{"rendered":"Publication de l\u2019avis d\u2019enqu\u00eate exploratoire"},"content":{"rendered":"<p>Le <strong>Laboratoire Chimique de la Chambre de commerce de Turin<\/strong> a publi\u00e9 un <strong>avis d\u2019enqu\u00eate exploratoire<\/strong> visant \u00e0 recueillir des <strong>manifestations d\u2019int\u00e9r\u00eat de la part d\u2019op\u00e9rateurs \u00e9conomiques<\/strong> pour la r\u00e9alisation de <strong>formats ludo-\u00e9ducatifs<\/strong>.<\/p>\n<p>Cette initiative a pour objectif de contribuer \u00e0 l\u2019atteinte des r\u00e9sultats pr\u00e9vus dans les <strong>Work Packages 3.4, 4.1 et 4.2<\/strong> et s\u2019inscrit dans le cadre des activit\u00e9s du projet. La publication de cet avis r\u00e9pond aux <strong>indications fournies par le Secr\u00e9tariat conjoint<\/strong> en mati\u00e8re de <strong>transparence et de publicit\u00e9 appropri\u00e9e<\/strong> des proc\u00e9dures.<\/p>\n<p>L\u2019avis complet est disponible sur le site du Laboratoire Chimique de la Chambre de commerce de Turin au lien suivant : <a href=\"https:\/\/www.lab-to.camcom.it\/news\/2026\/1\/20\/avviso-indagine-esplorativa-piter\/\" target=\"_blank\" rel=\"noopener\">https:\/\/www.lab-to.camcom.it\/news\/2026\/1\/20\/avviso-indagine-esplorativa-piter\/<\/a><\/p>\n","protected":false},"excerpt":{"rendered":"<p>Publication de l\u2019avis d\u2019enqu\u00eate exploratoire pour la collecte de manifestations d\u2019int\u00e9r\u00eat visant \u00e0 la r\u00e9alisation de formats ludo-\u00e9ducatifs dans le cadre des WP 3.4, 4.1 et 4.2.<\/p>\n","protected":false},"author":1,"featured_media":1829,"comment_status":"closed","ping_status":"closed","sticky":false,"template":"","format":"standard","meta":{"_acf_changed":false,"footnotes":""},"categories":[24],"tags":[],"class_list":["post-1828","post","type-post","status-publish","format-standard","has-post-thumbnail","hentry","category-incit"],"acf":[],"yoast_head":"<!-- This site is optimized with the Yoast SEO plugin v27.5 - https:\/\/yoast.com\/product\/yoast-seo-wordpress\/ -->\n<title>Publication de l\u2019avis d\u2019enqu\u00eate exploratoire - Graies Clima Lab<\/title>\n<meta name=\"robots\" content=\"index, follow, max-snippet:-1, max-image-preview:large, max-video-preview:-1\" \/>\n<link rel=\"canonical\" href=\"https:\/\/www.graiesclimalab.eu\/fr\/2026\/01\/29\/publication-de-lavis-denquete-exploratoire\/\" \/>\n<meta property=\"og:locale\" content=\"fr_FR\" \/>\n<meta property=\"og:type\" content=\"article\" \/>\n<meta property=\"og:title\" content=\"Publication de l\u2019avis d\u2019enqu\u00eate exploratoire - Graies Clima Lab\" \/>\n<meta property=\"og:description\" content=\"Publication de l\u2019avis d\u2019enqu\u00eate exploratoire pour la collecte de manifestations d\u2019int\u00e9r\u00eat visant \u00e0 la r\u00e9alisation de formats ludo-\u00e9ducatifs dans le cadre des WP 3.4, 4.1 et 4.2.\" \/>\n<meta property=\"og:url\" content=\"https:\/\/www.graiesclimalab.eu\/fr\/2026\/01\/29\/publication-de-lavis-denquete-exploratoire\/\" \/>\n<meta property=\"og:site_name\" content=\"Graies Clima Lab\" \/>\n<meta property=\"article:publisher\" content=\"https:\/\/www.facebook.com\/CittaMetroTO\" \/>\n<meta property=\"article:published_time\" content=\"2026-01-29T14:05:07+00:00\" \/>\n<meta property=\"article:modified_time\" content=\"2026-02-04T14:48:07+00:00\" \/>\n<meta property=\"og:image\" content=\"https:\/\/www.graiesclimalab.eu\/wp-content\/uploads\/2026\/01\/avis-fr-1.jpg\" \/>\n\t<meta property=\"og:image:width\" content=\"2000\" \/>\n\t<meta property=\"og:image:height\" content=\"1100\" \/>\n\t<meta property=\"og:image:type\" content=\"image\/jpeg\" \/>\n<meta name=\"author\" content=\"BarbaraG25\" \/>\n<meta name=\"twitter:card\" content=\"summary_large_image\" \/>\n<meta name=\"twitter:label1\" content=\"\u00c9crit par\" \/>\n\t<meta name=\"twitter:data1\" content=\"BarbaraG25\" \/>\n\t<meta name=\"twitter:label2\" content=\"Dur\u00e9e de lecture estim\u00e9e\" \/>\n\t<meta name=\"twitter:data2\" content=\"1 minute\" \/>\n<script type=\"application\/ld+json\" class=\"yoast-schema-graph\">{\"@context\":\"https:\\\/\\\/schema.org\",\"@graph\":[{\"@type\":\"Article\",\"@id\":\"https:\\\/\\\/www.graiesclimalab.eu\\\/fr\\\/2026\\\/01\\\/29\\\/publication-de-lavis-denquete-exploratoire\\\/#article\",\"isPartOf\":{\"@id\":\"https:\\\/\\\/www.graiesclimalab.eu\\\/fr\\\/2026\\\/01\\\/29\\\/publication-de-lavis-denquete-exploratoire\\\/\"},\"author\":{\"name\":\"BarbaraG25\",\"@id\":\"https:\\\/\\\/www.graiesclimalab.eu\\\/fr\\\/#\\\/schema\\\/person\\\/da67397c198bd9846fc083120f075f82\"},\"headline\":\"Publication de l\u2019avis d\u2019enqu\u00eate exploratoire\",\"datePublished\":\"2026-01-29T14:05:07+00:00\",\"dateModified\":\"2026-02-04T14:48:07+00:00\",\"mainEntityOfPage\":{\"@id\":\"https:\\\/\\\/www.graiesclimalab.eu\\\/fr\\\/2026\\\/01\\\/29\\\/publication-de-lavis-denquete-exploratoire\\\/\"},\"wordCount\":135,\"publisher\":{\"@id\":\"https:\\\/\\\/www.graiesclimalab.eu\\\/fr\\\/#organization\"},\"image\":{\"@id\":\"https:\\\/\\\/www.graiesclimalab.eu\\\/fr\\\/2026\\\/01\\\/29\\\/publication-de-lavis-denquete-exploratoire\\\/#primaryimage\"},\"thumbnailUrl\":\"https:\\\/\\\/www.graiesclimalab.eu\\\/wp-content\\\/uploads\\\/2026\\\/01\\\/avis-fr-1.jpg\",\"articleSection\":[\"INCIT\"],\"inLanguage\":\"fr-FR\"},{\"@type\":\"WebPage\",\"@id\":\"https:\\\/\\\/www.graiesclimalab.eu\\\/fr\\\/2026\\\/01\\\/29\\\/publication-de-lavis-denquete-exploratoire\\\/\",\"url\":\"https:\\\/\\\/www.graiesclimalab.eu\\\/fr\\\/2026\\\/01\\\/29\\\/publication-de-lavis-denquete-exploratoire\\\/\",\"name\":\"Publication de l\u2019avis d\u2019enqu\u00eate exploratoire - Graies Clima Lab\",\"isPartOf\":{\"@id\":\"https:\\\/\\\/www.graiesclimalab.eu\\\/fr\\\/#website\"},\"primaryImageOfPage\":{\"@id\":\"https:\\\/\\\/www.graiesclimalab.eu\\\/fr\\\/2026\\\/01\\\/29\\\/publication-de-lavis-denquete-exploratoire\\\/#primaryimage\"},\"image\":{\"@id\":\"https:\\\/\\\/www.graiesclimalab.eu\\\/fr\\\/2026\\\/01\\\/29\\\/publication-de-lavis-denquete-exploratoire\\\/#primaryimage\"},\"thumbnailUrl\":\"https:\\\/\\\/www.graiesclimalab.eu\\\/wp-content\\\/uploads\\\/2026\\\/01\\\/avis-fr-1.jpg\",\"datePublished\":\"2026-01-29T14:05:07+00:00\",\"dateModified\":\"2026-02-04T14:48:07+00:00\",\"breadcrumb\":{\"@id\":\"https:\\\/\\\/www.graiesclimalab.eu\\\/fr\\\/2026\\\/01\\\/29\\\/publication-de-lavis-denquete-exploratoire\\\/#breadcrumb\"},\"inLanguage\":\"fr-FR\",\"potentialAction\":[{\"@type\":\"ReadAction\",\"target\":[\"https:\\\/\\\/www.graiesclimalab.eu\\\/fr\\\/2026\\\/01\\\/29\\\/publication-de-lavis-denquete-exploratoire\\\/\"]}]},{\"@type\":\"ImageObject\",\"inLanguage\":\"fr-FR\",\"@id\":\"https:\\\/\\\/www.graiesclimalab.eu\\\/fr\\\/2026\\\/01\\\/29\\\/publication-de-lavis-denquete-exploratoire\\\/#primaryimage\",\"url\":\"https:\\\/\\\/www.graiesclimalab.eu\\\/wp-content\\\/uploads\\\/2026\\\/01\\\/avis-fr-1.jpg\",\"contentUrl\":\"https:\\\/\\\/www.graiesclimalab.eu\\\/wp-content\\\/uploads\\\/2026\\\/01\\\/avis-fr-1.jpg\",\"width\":2000,\"height\":1100},{\"@type\":\"BreadcrumbList\",\"@id\":\"https:\\\/\\\/www.graiesclimalab.eu\\\/fr\\\/2026\\\/01\\\/29\\\/publication-de-lavis-denquete-exploratoire\\\/#breadcrumb\",\"itemListElement\":[{\"@type\":\"ListItem\",\"position\":1,\"name\":\"Home\",\"item\":\"https:\\\/\\\/www.graiesclimalab.eu\\\/fr\\\/home\\\/\"},{\"@type\":\"ListItem\",\"position\":2,\"name\":\"Publication de l\u2019avis d\u2019enqu\u00eate exploratoire\"}]},{\"@type\":\"WebSite\",\"@id\":\"https:\\\/\\\/www.graiesclimalab.eu\\\/fr\\\/#website\",\"url\":\"https:\\\/\\\/www.graiesclimalab.eu\\\/fr\\\/\",\"name\":\"Graies Clima Lab\",\"description\":\"\",\"publisher\":{\"@id\":\"https:\\\/\\\/www.graiesclimalab.eu\\\/fr\\\/#organization\"},\"potentialAction\":[{\"@type\":\"SearchAction\",\"target\":{\"@type\":\"EntryPoint\",\"urlTemplate\":\"https:\\\/\\\/www.graiesclimalab.eu\\\/fr\\\/?s={search_term_string}\"},\"query-input\":{\"@type\":\"PropertyValueSpecification\",\"valueRequired\":true,\"valueName\":\"search_term_string\"}}],\"inLanguage\":\"fr-FR\"},{\"@type\":\"Organization\",\"@id\":\"https:\\\/\\\/www.graiesclimalab.eu\\\/fr\\\/#organization\",\"name\":\"Graies Clima Lab\",\"url\":\"https:\\\/\\\/www.graiesclimalab.eu\\\/fr\\\/\",\"logo\":{\"@type\":\"ImageObject\",\"inLanguage\":\"fr-FR\",\"@id\":\"https:\\\/\\\/www.graiesclimalab.eu\\\/fr\\\/#\\\/schema\\\/logo\\\/image\\\/\",\"url\":\"https:\\\/\\\/www.graiesclimalab.eu\\\/wp-content\\\/uploads\\\/2025\\\/09\\\/logo-graies-interreg.png\",\"contentUrl\":\"https:\\\/\\\/www.graiesclimalab.eu\\\/wp-content\\\/uploads\\\/2025\\\/09\\\/logo-graies-interreg.png\",\"width\":640,\"height\":120,\"caption\":\"Graies Clima Lab\"},\"image\":{\"@id\":\"https:\\\/\\\/www.graiesclimalab.eu\\\/fr\\\/#\\\/schema\\\/logo\\\/image\\\/\"},\"sameAs\":[\"https:\\\/\\\/www.facebook.com\\\/CittaMetroTO\",\"https:\\\/\\\/www.instagram.com\\\/cittametroto\\\/\"]},{\"@type\":\"Person\",\"@id\":\"https:\\\/\\\/www.graiesclimalab.eu\\\/fr\\\/#\\\/schema\\\/person\\\/da67397c198bd9846fc083120f075f82\",\"name\":\"BarbaraG25\",\"image\":{\"@type\":\"ImageObject\",\"inLanguage\":\"fr-FR\",\"@id\":\"https:\\\/\\\/secure.gravatar.com\\\/avatar\\\/1d74469495ffa37be86f47b0e4eaea9e68fa2671fbf06f6228abb6358f3a6183?s=96&d=mm&r=g\",\"url\":\"https:\\\/\\\/secure.gravatar.com\\\/avatar\\\/1d74469495ffa37be86f47b0e4eaea9e68fa2671fbf06f6228abb6358f3a6183?s=96&d=mm&r=g\",\"contentUrl\":\"https:\\\/\\\/secure.gravatar.com\\\/avatar\\\/1d74469495ffa37be86f47b0e4eaea9e68fa2671fbf06f6228abb6358f3a6183?s=96&d=mm&r=g\",\"caption\":\"BarbaraG25\"},\"sameAs\":[\"https:\\\/\\\/www.graiesclimalab.eu\"],\"url\":\"https:\\\/\\\/www.graiesclimalab.eu\\\/fr\\\/author\\\/barbarag25\\\/\"}]}<\/script>\n<!-- \/ Yoast SEO plugin. -->","yoast_head_json":{"title":"Publication de l\u2019avis d\u2019enqu\u00eate exploratoire - Graies Clima Lab","robots":{"index":"index","follow":"follow","max-snippet":"max-snippet:-1","max-image-preview":"max-image-preview:large","max-video-preview":"max-video-preview:-1"},"canonical":"https:\/\/www.graiesclimalab.eu\/fr\/2026\/01\/29\/publication-de-lavis-denquete-exploratoire\/","og_locale":"fr_FR","og_type":"article","og_title":"Publication de l\u2019avis d\u2019enqu\u00eate exploratoire - Graies Clima Lab","og_description":"Publication de l\u2019avis d\u2019enqu\u00eate exploratoire pour la collecte de manifestations d\u2019int\u00e9r\u00eat visant \u00e0 la r\u00e9alisation de formats ludo-\u00e9ducatifs dans le cadre des WP 3.4, 4.1 et 4.2.","og_url":"https:\/\/www.graiesclimalab.eu\/fr\/2026\/01\/29\/publication-de-lavis-denquete-exploratoire\/","og_site_name":"Graies Clima Lab","article_publisher":"https:\/\/www.facebook.com\/CittaMetroTO","article_published_time":"2026-01-29T14:05:07+00:00","article_modified_time":"2026-02-04T14:48:07+00:00","og_image":[{"width":2000,"height":1100,"url":"https:\/\/www.graiesclimalab.eu\/wp-content\/uploads\/2026\/01\/avis-fr-1.jpg","type":"image\/jpeg"}],"author":"BarbaraG25","twitter_card":"summary_large_image","twitter_misc":{"\u00c9crit par":"BarbaraG25","Dur\u00e9e de lecture estim\u00e9e":"1 minute"},"schema":{"@context":"https:\/\/schema.org","@graph":[{"@type":"Article","@id":"https:\/\/www.graiesclimalab.eu\/fr\/2026\/01\/29\/publication-de-lavis-denquete-exploratoire\/#article","isPartOf":{"@id":"https:\/\/www.graiesclimalab.eu\/fr\/2026\/01\/29\/publication-de-lavis-denquete-exploratoire\/"},"author":{"name":"BarbaraG25","@id":"https:\/\/www.graiesclimalab.eu\/fr\/#\/schema\/person\/da67397c198bd9846fc083120f075f82"},"headline":"Publication de l\u2019avis d\u2019enqu\u00eate exploratoire","datePublished":"2026-01-29T14:05:07+00:00","dateModified":"2026-02-04T14:48:07+00:00","mainEntityOfPage":{"@id":"https:\/\/www.graiesclimalab.eu\/fr\/2026\/01\/29\/publication-de-lavis-denquete-exploratoire\/"},"wordCount":135,"publisher":{"@id":"https:\/\/www.graiesclimalab.eu\/fr\/#organization"},"image":{"@id":"https:\/\/www.graiesclimalab.eu\/fr\/2026\/01\/29\/publication-de-lavis-denquete-exploratoire\/#primaryimage"},"thumbnailUrl":"https:\/\/www.graiesclimalab.eu\/wp-content\/uploads\/2026\/01\/avis-fr-1.jpg","articleSection":["INCIT"],"inLanguage":"fr-FR"},{"@type":"WebPage","@id":"https:\/\/www.graiesclimalab.eu\/fr\/2026\/01\/29\/publication-de-lavis-denquete-exploratoire\/","url":"https:\/\/www.graiesclimalab.eu\/fr\/2026\/01\/29\/publication-de-lavis-denquete-exploratoire\/","name":"Publication de l\u2019avis d\u2019enqu\u00eate exploratoire - Graies Clima Lab","isPartOf":{"@id":"https:\/\/www.graiesclimalab.eu\/fr\/#website"},"primaryImageOfPage":{"@id":"https:\/\/www.graiesclimalab.eu\/fr\/2026\/01\/29\/publication-de-lavis-denquete-exploratoire\/#primaryimage"},"image":{"@id":"https:\/\/www.graiesclimalab.eu\/fr\/2026\/01\/29\/publication-de-lavis-denquete-exploratoire\/#primaryimage"},"thumbnailUrl":"https:\/\/www.graiesclimalab.eu\/wp-content\/uploads\/2026\/01\/avis-fr-1.jpg","datePublished":"2026-01-29T14:05:07+00:00","dateModified":"2026-02-04T14:48:07+00:00","breadcrumb":{"@id":"https:\/\/www.graiesclimalab.eu\/fr\/2026\/01\/29\/publication-de-lavis-denquete-exploratoire\/#breadcrumb"},"inLanguage":"fr-FR","potentialAction":[{"@type":"ReadAction","target":["https:\/\/www.graiesclimalab.eu\/fr\/2026\/01\/29\/publication-de-lavis-denquete-exploratoire\/"]}]},{"@type":"ImageObject","inLanguage":"fr-FR","@id":"https:\/\/www.graiesclimalab.eu\/fr\/2026\/01\/29\/publication-de-lavis-denquete-exploratoire\/#primaryimage","url":"https:\/\/www.graiesclimalab.eu\/wp-content\/uploads\/2026\/01\/avis-fr-1.jpg","contentUrl":"https:\/\/www.graiesclimalab.eu\/wp-content\/uploads\/2026\/01\/avis-fr-1.jpg","width":2000,"height":1100},{"@type":"BreadcrumbList","@id":"https:\/\/www.graiesclimalab.eu\/fr\/2026\/01\/29\/publication-de-lavis-denquete-exploratoire\/#breadcrumb","itemListElement":[{"@type":"ListItem","position":1,"name":"Home","item":"https:\/\/www.graiesclimalab.eu\/fr\/home\/"},{"@type":"ListItem","position":2,"name":"Publication de l\u2019avis d\u2019enqu\u00eate exploratoire"}]},{"@type":"WebSite","@id":"https:\/\/www.graiesclimalab.eu\/fr\/#website","url":"https:\/\/www.graiesclimalab.eu\/fr\/","name":"Graies Clima Lab","description":"","publisher":{"@id":"https:\/\/www.graiesclimalab.eu\/fr\/#organization"},"potentialAction":[{"@type":"SearchAction","target":{"@type":"EntryPoint","urlTemplate":"https:\/\/www.graiesclimalab.eu\/fr\/?s={search_term_string}"},"query-input":{"@type":"PropertyValueSpecification","valueRequired":true,"valueName":"search_term_string"}}],"inLanguage":"fr-FR"},{"@type":"Organization","@id":"https:\/\/www.graiesclimalab.eu\/fr\/#organization","name":"Graies Clima Lab","url":"https:\/\/www.graiesclimalab.eu\/fr\/","logo":{"@type":"ImageObject","inLanguage":"fr-FR","@id":"https:\/\/www.graiesclimalab.eu\/fr\/#\/schema\/logo\/image\/","url":"https:\/\/www.graiesclimalab.eu\/wp-content\/uploads\/2025\/09\/logo-graies-interreg.png","contentUrl":"https:\/\/www.graiesclimalab.eu\/wp-content\/uploads\/2025\/09\/logo-graies-interreg.png","width":640,"height":120,"caption":"Graies Clima Lab"},"image":{"@id":"https:\/\/www.graiesclimalab.eu\/fr\/#\/schema\/logo\/image\/"},"sameAs":["https:\/\/www.facebook.com\/CittaMetroTO","https:\/\/www.instagram.com\/cittametroto\/"]},{"@type":"Person","@id":"https:\/\/www.graiesclimalab.eu\/fr\/#\/schema\/person\/da67397c198bd9846fc083120f075f82","name":"BarbaraG25","image":{"@type":"ImageObject","inLanguage":"fr-FR","@id":"https:\/\/secure.gravatar.com\/avatar\/1d74469495ffa37be86f47b0e4eaea9e68fa2671fbf06f6228abb6358f3a6183?s=96&d=mm&r=g","url":"https:\/\/secure.gravatar.com\/avatar\/1d74469495ffa37be86f47b0e4eaea9e68fa2671fbf06f6228abb6358f3a6183?s=96&d=mm&r=g","contentUrl":"https:\/\/secure.gravatar.com\/avatar\/1d74469495ffa37be86f47b0e4eaea9e68fa2671fbf06f6228abb6358f3a6183?s=96&d=mm&r=g","caption":"BarbaraG25"},"sameAs":["https:\/\/www.graiesclimalab.eu"],"url":"https:\/\/www.graiesclimalab.eu\/fr\/author\/barbarag25\/"}]}},"_links":{"self":[{"href":"https:\/\/www.graiesclimalab.eu\/fr\/wp-json\/wp\/v2\/posts\/1828","targetHints":{"allow":["GET"]}}],"collection":[{"href":"https:\/\/www.graiesclimalab.eu\/fr\/wp-json\/wp\/v2\/posts"}],"about":[{"href":"https:\/\/www.graiesclimalab.eu\/fr\/wp-json\/wp\/v2\/types\/post"}],"author":[{"embeddable":true,"href":"https:\/\/www.graiesclimalab.eu\/fr\/wp-json\/wp\/v2\/users\/1"}],"replies":[{"embeddable":true,"href":"https:\/\/www.graiesclimalab.eu\/fr\/wp-json\/wp\/v2\/comments?post=1828"}],"version-history":[{"count":2,"href":"https:\/\/www.graiesclimalab.eu\/fr\/wp-json\/wp\/v2\/posts\/1828\/revisions"}],"predecessor-version":[{"id":1978,"href":"https:\/\/www.graiesclimalab.eu\/fr\/wp-json\/wp\/v2\/posts\/1828\/revisions\/1978"}],"wp:featuredmedia":[{"embeddable":true,"href":"https:\/\/www.graiesclimalab.eu\/fr\/wp-json\/wp\/v2\/media\/1829"}],"wp:attachment":[{"href":"https:\/\/www.graiesclimalab.eu\/fr\/wp-json\/wp\/v2\/media?parent=1828"}],"wp:term":[{"taxonomy":"category","embeddable":true,"href":"https:\/\/www.graiesclimalab.eu\/fr\/wp-json\/wp\/v2\/categories?post=1828"},{"taxonomy":"post_tag","embeddable":true,"href":"https:\/\/www.graiesclimalab.eu\/fr\/wp-json\/wp\/v2\/tags?post=1828"}],"curies":[{"name":"wp","href":"https:\/\/api.w.org\/{rel}","templated":true}]}}