{"id":1970,"date":"2026-02-04T15:23:47","date_gmt":"2026-02-04T14:23:47","guid":{"rendered":"https:\/\/www.graiesclimalab.eu\/?p=1970"},"modified":"2026-02-04T15:37:47","modified_gmt":"2026-02-04T14:37:47","slug":"publication-de-lavis-de-consultation-preliminaire-de-marche","status":"publish","type":"post","link":"https:\/\/www.graiesclimalab.eu\/fr\/2026\/02\/04\/publication-de-lavis-de-consultation-preliminaire-de-marche\/","title":{"rendered":"Publication de l\u2019avis de consultation pr\u00e9liminaire de march\u00e9"},"content":{"rendered":"<p data-start=\"37\" data-end=\"634\">L\u2019<strong>Unit\u00e9 des Communes vald\u00f4taines Grand-Paradis<\/strong> a publi\u00e9 un <strong>avis de consultation pr\u00e9liminaire de march\u00e9, accompagn\u00e9 d\u2019une demande de devis technico-\u00e9conomique<\/strong>, visant \u00e0 recueillir des <strong>manifestations d\u2019int\u00e9r\u00eat de la part des op\u00e9rateurs \u00e9conomiques<\/strong> pour le service d\u2019organisation et de gestion de s\u00e9minaires d\u2019animation transfrontali\u00e8re. Ces s\u00e9minaires ont pour objectif d\u2019impliquer activement les administrateurs locaux, les techniciens et les parties prenantes sur les th\u00e9matiques du changement climatique, en lien avec la mise en \u0153uvre du projet individuel 21345 DECID du Piter+ GRAIES ClimaLab.<\/p>\n<p data-start=\"636\" data-end=\"773\">L\u2019initiative vise \u00e0 atteindre les objectifs pr\u00e9vus par le <strong>Work Package 2.2<\/strong> et s\u2019inscrit dans le cadre des activit\u00e9s de projet en cours.<\/p>\n<p data-start=\"775\" data-end=\"1123\">L\u2019avis complet peut \u00eatre consult\u00e9 sur la plateforme du syst\u00e8me r\u00e9gional de passation des march\u00e9s publics PlaceVdA au lien suivant : <a href=\"https:\/\/place-vda.aflink.it\/portalegare\/index.php\/bandi?getdettaglio=yes&amp;bando=1098483&amp;tipobando=Avviso&amp;RicQ=YES&amp;VisQ=SI&amp;tipoDoc=BANDO_GARA_PORTALE&amp;xslt=XSLT_BANDO_GARA_PORTALE&amp;scadenzaBando=2026-02-20T12:00:00&amp;jk=\" target=\"_blank\" rel=\"noopener\">https:\/\/place-vda.aflink.it\/portalegare\/index.php\/bandi?getdettaglio=yes&amp;bando=1098483&amp;tipobando=Avviso&amp;RicQ=YES&amp;VisQ=SI&amp;tipoDoc=BANDO_GARA_PORTALE&amp;xslt=XSLT_BANDO_GARA_PORTALE&amp;scadenzaBando=2026-02-20T12:00:00&amp;jk=<\/a><\/p>\n","protected":false},"excerpt":{"rendered":"<p>L\u2019Unit\u00e9 des Communes vald\u00f4taines Grand-Paradis a publi\u00e9 un avis de consultation pr\u00e9liminaire de march\u00e9 pour l\u2019organisation de s\u00e9minaires d\u2019animation transfrontali\u00e8re sur le changement climatique, dans le cadre du projet 21345 DECID du Piter+ GRAIES ClimaLab.<\/p>\n","protected":false},"author":1,"featured_media":1971,"comment_status":"closed","ping_status":"closed","sticky":false,"template":"","format":"standard","meta":{"_acf_changed":false,"footnotes":""},"categories":[27],"tags":[],"class_list":["post-1970","post","type-post","status-publish","format-standard","has-post-thumbnail","hentry","category-decid"],"acf":[],"yoast_head":"<!-- This site is optimized with the Yoast SEO plugin v27.5 - https:\/\/yoast.com\/product\/yoast-seo-wordpress\/ -->\n<title>Publication de l\u2019avis de consultation pr\u00e9liminaire de march\u00e9 - Graies Clima Lab<\/title>\n<meta name=\"robots\" content=\"index, follow, max-snippet:-1, max-image-preview:large, max-video-preview:-1\" \/>\n<link rel=\"canonical\" href=\"https:\/\/www.graiesclimalab.eu\/fr\/2026\/02\/04\/publication-de-lavis-de-consultation-preliminaire-de-marche\/\" \/>\n<meta property=\"og:locale\" content=\"fr_FR\" \/>\n<meta property=\"og:type\" content=\"article\" \/>\n<meta property=\"og:title\" content=\"Publication de l\u2019avis de consultation pr\u00e9liminaire de march\u00e9 - Graies Clima Lab\" \/>\n<meta property=\"og:description\" content=\"L\u2019Unit\u00e9 des Communes vald\u00f4taines Grand-Paradis a publi\u00e9 un avis de consultation pr\u00e9liminaire de march\u00e9 pour l\u2019organisation de s\u00e9minaires d\u2019animation transfrontali\u00e8re sur le changement climatique, dans le cadre du projet 21345 DECID du Piter+ GRAIES ClimaLab.\" \/>\n<meta property=\"og:url\" content=\"https:\/\/www.graiesclimalab.eu\/fr\/2026\/02\/04\/publication-de-lavis-de-consultation-preliminaire-de-marche\/\" \/>\n<meta property=\"og:site_name\" content=\"Graies Clima Lab\" \/>\n<meta property=\"article:publisher\" content=\"https:\/\/www.facebook.com\/CittaMetroTO\" \/>\n<meta property=\"article:published_time\" content=\"2026-02-04T14:23:47+00:00\" \/>\n<meta property=\"article:modified_time\" content=\"2026-02-04T14:37:47+00:00\" \/>\n<meta property=\"og:image\" content=\"https:\/\/www.graiesclimalab.eu\/wp-content\/uploads\/2026\/02\/avis-it-decid.jpg\" \/>\n\t<meta property=\"og:image:width\" content=\"2000\" \/>\n\t<meta property=\"og:image:height\" content=\"1100\" \/>\n\t<meta property=\"og:image:type\" content=\"image\/jpeg\" \/>\n<meta name=\"author\" content=\"BarbaraG25\" \/>\n<meta name=\"twitter:card\" content=\"summary_large_image\" \/>\n<meta name=\"twitter:label1\" content=\"\u00c9crit par\" \/>\n\t<meta name=\"twitter:data1\" content=\"BarbaraG25\" \/>\n\t<meta name=\"twitter:label2\" content=\"Dur\u00e9e de lecture estim\u00e9e\" \/>\n\t<meta name=\"twitter:data2\" content=\"1 minute\" \/>\n<script type=\"application\/ld+json\" class=\"yoast-schema-graph\">{\"@context\":\"https:\\\/\\\/schema.org\",\"@graph\":[{\"@type\":\"Article\",\"@id\":\"https:\\\/\\\/www.graiesclimalab.eu\\\/fr\\\/2026\\\/02\\\/04\\\/publication-de-lavis-de-consultation-preliminaire-de-marche\\\/#article\",\"isPartOf\":{\"@id\":\"https:\\\/\\\/www.graiesclimalab.eu\\\/fr\\\/2026\\\/02\\\/04\\\/publication-de-lavis-de-consultation-preliminaire-de-marche\\\/\"},\"author\":{\"name\":\"BarbaraG25\",\"@id\":\"https:\\\/\\\/www.graiesclimalab.eu\\\/fr\\\/#\\\/schema\\\/person\\\/da67397c198bd9846fc083120f075f82\"},\"headline\":\"Publication de l\u2019avis de consultation pr\u00e9liminaire de march\u00e9\",\"datePublished\":\"2026-02-04T14:23:47+00:00\",\"dateModified\":\"2026-02-04T14:37:47+00:00\",\"mainEntityOfPage\":{\"@id\":\"https:\\\/\\\/www.graiesclimalab.eu\\\/fr\\\/2026\\\/02\\\/04\\\/publication-de-lavis-de-consultation-preliminaire-de-marche\\\/\"},\"wordCount\":193,\"publisher\":{\"@id\":\"https:\\\/\\\/www.graiesclimalab.eu\\\/fr\\\/#organization\"},\"image\":{\"@id\":\"https:\\\/\\\/www.graiesclimalab.eu\\\/fr\\\/2026\\\/02\\\/04\\\/publication-de-lavis-de-consultation-preliminaire-de-marche\\\/#primaryimage\"},\"thumbnailUrl\":\"https:\\\/\\\/www.graiesclimalab.eu\\\/wp-content\\\/uploads\\\/2026\\\/02\\\/avis-it-decid.jpg\",\"articleSection\":[\"DECID\"],\"inLanguage\":\"fr-FR\"},{\"@type\":\"WebPage\",\"@id\":\"https:\\\/\\\/www.graiesclimalab.eu\\\/fr\\\/2026\\\/02\\\/04\\\/publication-de-lavis-de-consultation-preliminaire-de-marche\\\/\",\"url\":\"https:\\\/\\\/www.graiesclimalab.eu\\\/fr\\\/2026\\\/02\\\/04\\\/publication-de-lavis-de-consultation-preliminaire-de-marche\\\/\",\"name\":\"Publication de l\u2019avis de consultation pr\u00e9liminaire de march\u00e9 - Graies Clima Lab\",\"isPartOf\":{\"@id\":\"https:\\\/\\\/www.graiesclimalab.eu\\\/fr\\\/#website\"},\"primaryImageOfPage\":{\"@id\":\"https:\\\/\\\/www.graiesclimalab.eu\\\/fr\\\/2026\\\/02\\\/04\\\/publication-de-lavis-de-consultation-preliminaire-de-marche\\\/#primaryimage\"},\"image\":{\"@id\":\"https:\\\/\\\/www.graiesclimalab.eu\\\/fr\\\/2026\\\/02\\\/04\\\/publication-de-lavis-de-consultation-preliminaire-de-marche\\\/#primaryimage\"},\"thumbnailUrl\":\"https:\\\/\\\/www.graiesclimalab.eu\\\/wp-content\\\/uploads\\\/2026\\\/02\\\/avis-it-decid.jpg\",\"datePublished\":\"2026-02-04T14:23:47+00:00\",\"dateModified\":\"2026-02-04T14:37:47+00:00\",\"breadcrumb\":{\"@id\":\"https:\\\/\\\/www.graiesclimalab.eu\\\/fr\\\/2026\\\/02\\\/04\\\/publication-de-lavis-de-consultation-preliminaire-de-marche\\\/#breadcrumb\"},\"inLanguage\":\"fr-FR\",\"potentialAction\":[{\"@type\":\"ReadAction\",\"target\":[\"https:\\\/\\\/www.graiesclimalab.eu\\\/fr\\\/2026\\\/02\\\/04\\\/publication-de-lavis-de-consultation-preliminaire-de-marche\\\/\"]}]},{\"@type\":\"ImageObject\",\"inLanguage\":\"fr-FR\",\"@id\":\"https:\\\/\\\/www.graiesclimalab.eu\\\/fr\\\/2026\\\/02\\\/04\\\/publication-de-lavis-de-consultation-preliminaire-de-marche\\\/#primaryimage\",\"url\":\"https:\\\/\\\/www.graiesclimalab.eu\\\/wp-content\\\/uploads\\\/2026\\\/02\\\/avis-it-decid.jpg\",\"contentUrl\":\"https:\\\/\\\/www.graiesclimalab.eu\\\/wp-content\\\/uploads\\\/2026\\\/02\\\/avis-it-decid.jpg\",\"width\":2000,\"height\":1100},{\"@type\":\"BreadcrumbList\",\"@id\":\"https:\\\/\\\/www.graiesclimalab.eu\\\/fr\\\/2026\\\/02\\\/04\\\/publication-de-lavis-de-consultation-preliminaire-de-marche\\\/#breadcrumb\",\"itemListElement\":[{\"@type\":\"ListItem\",\"position\":1,\"name\":\"Home\",\"item\":\"https:\\\/\\\/www.graiesclimalab.eu\\\/fr\\\/home\\\/\"},{\"@type\":\"ListItem\",\"position\":2,\"name\":\"Publication de l\u2019avis de consultation pr\u00e9liminaire de march\u00e9\"}]},{\"@type\":\"WebSite\",\"@id\":\"https:\\\/\\\/www.graiesclimalab.eu\\\/fr\\\/#website\",\"url\":\"https:\\\/\\\/www.graiesclimalab.eu\\\/fr\\\/\",\"name\":\"Graies Clima Lab\",\"description\":\"\",\"publisher\":{\"@id\":\"https:\\\/\\\/www.graiesclimalab.eu\\\/fr\\\/#organization\"},\"potentialAction\":[{\"@type\":\"SearchAction\",\"target\":{\"@type\":\"EntryPoint\",\"urlTemplate\":\"https:\\\/\\\/www.graiesclimalab.eu\\\/fr\\\/?s={search_term_string}\"},\"query-input\":{\"@type\":\"PropertyValueSpecification\",\"valueRequired\":true,\"valueName\":\"search_term_string\"}}],\"inLanguage\":\"fr-FR\"},{\"@type\":\"Organization\",\"@id\":\"https:\\\/\\\/www.graiesclimalab.eu\\\/fr\\\/#organization\",\"name\":\"Graies Clima Lab\",\"url\":\"https:\\\/\\\/www.graiesclimalab.eu\\\/fr\\\/\",\"logo\":{\"@type\":\"ImageObject\",\"inLanguage\":\"fr-FR\",\"@id\":\"https:\\\/\\\/www.graiesclimalab.eu\\\/fr\\\/#\\\/schema\\\/logo\\\/image\\\/\",\"url\":\"https:\\\/\\\/www.graiesclimalab.eu\\\/wp-content\\\/uploads\\\/2025\\\/09\\\/logo-graies-interreg.png\",\"contentUrl\":\"https:\\\/\\\/www.graiesclimalab.eu\\\/wp-content\\\/uploads\\\/2025\\\/09\\\/logo-graies-interreg.png\",\"width\":640,\"height\":120,\"caption\":\"Graies Clima Lab\"},\"image\":{\"@id\":\"https:\\\/\\\/www.graiesclimalab.eu\\\/fr\\\/#\\\/schema\\\/logo\\\/image\\\/\"},\"sameAs\":[\"https:\\\/\\\/www.facebook.com\\\/CittaMetroTO\",\"https:\\\/\\\/www.instagram.com\\\/cittametroto\\\/\"]},{\"@type\":\"Person\",\"@id\":\"https:\\\/\\\/www.graiesclimalab.eu\\\/fr\\\/#\\\/schema\\\/person\\\/da67397c198bd9846fc083120f075f82\",\"name\":\"BarbaraG25\",\"image\":{\"@type\":\"ImageObject\",\"inLanguage\":\"fr-FR\",\"@id\":\"https:\\\/\\\/secure.gravatar.com\\\/avatar\\\/1d74469495ffa37be86f47b0e4eaea9e68fa2671fbf06f6228abb6358f3a6183?s=96&d=mm&r=g\",\"url\":\"https:\\\/\\\/secure.gravatar.com\\\/avatar\\\/1d74469495ffa37be86f47b0e4eaea9e68fa2671fbf06f6228abb6358f3a6183?s=96&d=mm&r=g\",\"contentUrl\":\"https:\\\/\\\/secure.gravatar.com\\\/avatar\\\/1d74469495ffa37be86f47b0e4eaea9e68fa2671fbf06f6228abb6358f3a6183?s=96&d=mm&r=g\",\"caption\":\"BarbaraG25\"},\"sameAs\":[\"https:\\\/\\\/www.graiesclimalab.eu\"],\"url\":\"https:\\\/\\\/www.graiesclimalab.eu\\\/fr\\\/author\\\/barbarag25\\\/\"}]}<\/script>\n<!-- \/ Yoast SEO plugin. -->","yoast_head_json":{"title":"Publication de l\u2019avis de consultation pr\u00e9liminaire de march\u00e9 - Graies Clima Lab","robots":{"index":"index","follow":"follow","max-snippet":"max-snippet:-1","max-image-preview":"max-image-preview:large","max-video-preview":"max-video-preview:-1"},"canonical":"https:\/\/www.graiesclimalab.eu\/fr\/2026\/02\/04\/publication-de-lavis-de-consultation-preliminaire-de-marche\/","og_locale":"fr_FR","og_type":"article","og_title":"Publication de l\u2019avis de consultation pr\u00e9liminaire de march\u00e9 - Graies Clima Lab","og_description":"L\u2019Unit\u00e9 des Communes vald\u00f4taines Grand-Paradis a publi\u00e9 un avis de consultation pr\u00e9liminaire de march\u00e9 pour l\u2019organisation de s\u00e9minaires d\u2019animation transfrontali\u00e8re sur le changement climatique, dans le cadre du projet 21345 DECID du Piter+ GRAIES ClimaLab.","og_url":"https:\/\/www.graiesclimalab.eu\/fr\/2026\/02\/04\/publication-de-lavis-de-consultation-preliminaire-de-marche\/","og_site_name":"Graies Clima Lab","article_publisher":"https:\/\/www.facebook.com\/CittaMetroTO","article_published_time":"2026-02-04T14:23:47+00:00","article_modified_time":"2026-02-04T14:37:47+00:00","og_image":[{"width":2000,"height":1100,"url":"https:\/\/www.graiesclimalab.eu\/wp-content\/uploads\/2026\/02\/avis-it-decid.jpg","type":"image\/jpeg"}],"author":"BarbaraG25","twitter_card":"summary_large_image","twitter_misc":{"\u00c9crit par":"BarbaraG25","Dur\u00e9e de lecture estim\u00e9e":"1 minute"},"schema":{"@context":"https:\/\/schema.org","@graph":[{"@type":"Article","@id":"https:\/\/www.graiesclimalab.eu\/fr\/2026\/02\/04\/publication-de-lavis-de-consultation-preliminaire-de-marche\/#article","isPartOf":{"@id":"https:\/\/www.graiesclimalab.eu\/fr\/2026\/02\/04\/publication-de-lavis-de-consultation-preliminaire-de-marche\/"},"author":{"name":"BarbaraG25","@id":"https:\/\/www.graiesclimalab.eu\/fr\/#\/schema\/person\/da67397c198bd9846fc083120f075f82"},"headline":"Publication de l\u2019avis de consultation pr\u00e9liminaire de march\u00e9","datePublished":"2026-02-04T14:23:47+00:00","dateModified":"2026-02-04T14:37:47+00:00","mainEntityOfPage":{"@id":"https:\/\/www.graiesclimalab.eu\/fr\/2026\/02\/04\/publication-de-lavis-de-consultation-preliminaire-de-marche\/"},"wordCount":193,"publisher":{"@id":"https:\/\/www.graiesclimalab.eu\/fr\/#organization"},"image":{"@id":"https:\/\/www.graiesclimalab.eu\/fr\/2026\/02\/04\/publication-de-lavis-de-consultation-preliminaire-de-marche\/#primaryimage"},"thumbnailUrl":"https:\/\/www.graiesclimalab.eu\/wp-content\/uploads\/2026\/02\/avis-it-decid.jpg","articleSection":["DECID"],"inLanguage":"fr-FR"},{"@type":"WebPage","@id":"https:\/\/www.graiesclimalab.eu\/fr\/2026\/02\/04\/publication-de-lavis-de-consultation-preliminaire-de-marche\/","url":"https:\/\/www.graiesclimalab.eu\/fr\/2026\/02\/04\/publication-de-lavis-de-consultation-preliminaire-de-marche\/","name":"Publication de l\u2019avis de consultation pr\u00e9liminaire de march\u00e9 - Graies Clima Lab","isPartOf":{"@id":"https:\/\/www.graiesclimalab.eu\/fr\/#website"},"primaryImageOfPage":{"@id":"https:\/\/www.graiesclimalab.eu\/fr\/2026\/02\/04\/publication-de-lavis-de-consultation-preliminaire-de-marche\/#primaryimage"},"image":{"@id":"https:\/\/www.graiesclimalab.eu\/fr\/2026\/02\/04\/publication-de-lavis-de-consultation-preliminaire-de-marche\/#primaryimage"},"thumbnailUrl":"https:\/\/www.graiesclimalab.eu\/wp-content\/uploads\/2026\/02\/avis-it-decid.jpg","datePublished":"2026-02-04T14:23:47+00:00","dateModified":"2026-02-04T14:37:47+00:00","breadcrumb":{"@id":"https:\/\/www.graiesclimalab.eu\/fr\/2026\/02\/04\/publication-de-lavis-de-consultation-preliminaire-de-marche\/#breadcrumb"},"inLanguage":"fr-FR","potentialAction":[{"@type":"ReadAction","target":["https:\/\/www.graiesclimalab.eu\/fr\/2026\/02\/04\/publication-de-lavis-de-consultation-preliminaire-de-marche\/"]}]},{"@type":"ImageObject","inLanguage":"fr-FR","@id":"https:\/\/www.graiesclimalab.eu\/fr\/2026\/02\/04\/publication-de-lavis-de-consultation-preliminaire-de-marche\/#primaryimage","url":"https:\/\/www.graiesclimalab.eu\/wp-content\/uploads\/2026\/02\/avis-it-decid.jpg","contentUrl":"https:\/\/www.graiesclimalab.eu\/wp-content\/uploads\/2026\/02\/avis-it-decid.jpg","width":2000,"height":1100},{"@type":"BreadcrumbList","@id":"https:\/\/www.graiesclimalab.eu\/fr\/2026\/02\/04\/publication-de-lavis-de-consultation-preliminaire-de-marche\/#breadcrumb","itemListElement":[{"@type":"ListItem","position":1,"name":"Home","item":"https:\/\/www.graiesclimalab.eu\/fr\/home\/"},{"@type":"ListItem","position":2,"name":"Publication de l\u2019avis de consultation pr\u00e9liminaire de march\u00e9"}]},{"@type":"WebSite","@id":"https:\/\/www.graiesclimalab.eu\/fr\/#website","url":"https:\/\/www.graiesclimalab.eu\/fr\/","name":"Graies Clima Lab","description":"","publisher":{"@id":"https:\/\/www.graiesclimalab.eu\/fr\/#organization"},"potentialAction":[{"@type":"SearchAction","target":{"@type":"EntryPoint","urlTemplate":"https:\/\/www.graiesclimalab.eu\/fr\/?s={search_term_string}"},"query-input":{"@type":"PropertyValueSpecification","valueRequired":true,"valueName":"search_term_string"}}],"inLanguage":"fr-FR"},{"@type":"Organization","@id":"https:\/\/www.graiesclimalab.eu\/fr\/#organization","name":"Graies Clima Lab","url":"https:\/\/www.graiesclimalab.eu\/fr\/","logo":{"@type":"ImageObject","inLanguage":"fr-FR","@id":"https:\/\/www.graiesclimalab.eu\/fr\/#\/schema\/logo\/image\/","url":"https:\/\/www.graiesclimalab.eu\/wp-content\/uploads\/2025\/09\/logo-graies-interreg.png","contentUrl":"https:\/\/www.graiesclimalab.eu\/wp-content\/uploads\/2025\/09\/logo-graies-interreg.png","width":640,"height":120,"caption":"Graies Clima Lab"},"image":{"@id":"https:\/\/www.graiesclimalab.eu\/fr\/#\/schema\/logo\/image\/"},"sameAs":["https:\/\/www.facebook.com\/CittaMetroTO","https:\/\/www.instagram.com\/cittametroto\/"]},{"@type":"Person","@id":"https:\/\/www.graiesclimalab.eu\/fr\/#\/schema\/person\/da67397c198bd9846fc083120f075f82","name":"BarbaraG25","image":{"@type":"ImageObject","inLanguage":"fr-FR","@id":"https:\/\/secure.gravatar.com\/avatar\/1d74469495ffa37be86f47b0e4eaea9e68fa2671fbf06f6228abb6358f3a6183?s=96&d=mm&r=g","url":"https:\/\/secure.gravatar.com\/avatar\/1d74469495ffa37be86f47b0e4eaea9e68fa2671fbf06f6228abb6358f3a6183?s=96&d=mm&r=g","contentUrl":"https:\/\/secure.gravatar.com\/avatar\/1d74469495ffa37be86f47b0e4eaea9e68fa2671fbf06f6228abb6358f3a6183?s=96&d=mm&r=g","caption":"BarbaraG25"},"sameAs":["https:\/\/www.graiesclimalab.eu"],"url":"https:\/\/www.graiesclimalab.eu\/fr\/author\/barbarag25\/"}]}},"_links":{"self":[{"href":"https:\/\/www.graiesclimalab.eu\/fr\/wp-json\/wp\/v2\/posts\/1970","targetHints":{"allow":["GET"]}}],"collection":[{"href":"https:\/\/www.graiesclimalab.eu\/fr\/wp-json\/wp\/v2\/posts"}],"about":[{"href":"https:\/\/www.graiesclimalab.eu\/fr\/wp-json\/wp\/v2\/types\/post"}],"author":[{"embeddable":true,"href":"https:\/\/www.graiesclimalab.eu\/fr\/wp-json\/wp\/v2\/users\/1"}],"replies":[{"embeddable":true,"href":"https:\/\/www.graiesclimalab.eu\/fr\/wp-json\/wp\/v2\/comments?post=1970"}],"version-history":[{"count":2,"href":"https:\/\/www.graiesclimalab.eu\/fr\/wp-json\/wp\/v2\/posts\/1970\/revisions"}],"predecessor-version":[{"id":1973,"href":"https:\/\/www.graiesclimalab.eu\/fr\/wp-json\/wp\/v2\/posts\/1970\/revisions\/1973"}],"wp:featuredmedia":[{"embeddable":true,"href":"https:\/\/www.graiesclimalab.eu\/fr\/wp-json\/wp\/v2\/media\/1971"}],"wp:attachment":[{"href":"https:\/\/www.graiesclimalab.eu\/fr\/wp-json\/wp\/v2\/media?parent=1970"}],"wp:term":[{"taxonomy":"category","embeddable":true,"href":"https:\/\/www.graiesclimalab.eu\/fr\/wp-json\/wp\/v2\/categories?post=1970"},{"taxonomy":"post_tag","embeddable":true,"href":"https:\/\/www.graiesclimalab.eu\/fr\/wp-json\/wp\/v2\/tags?post=1970"}],"curies":[{"name":"wp","href":"https:\/\/api.w.org\/{rel}","templated":true}]}}