{"id":2032,"date":"2026-02-06T15:22:09","date_gmt":"2026-02-06T14:22:09","guid":{"rendered":"https:\/\/www.graiesclimalab.eu\/2026\/02\/06\/tourisme-sauvage-formation-gratuite-sur-le-tourisme-regeneratif\/"},"modified":"2026-02-06T15:36:44","modified_gmt":"2026-02-06T14:36:44","slug":"tourisme-sauvage-formation-gratuite-sur-le-tourisme-regeneratif","status":"publish","type":"post","link":"https:\/\/www.graiesclimalab.eu\/fr\/2026\/02\/06\/tourisme-sauvage-formation-gratuite-sur-le-tourisme-regeneratif\/","title":{"rendered":"Tourisme Sauvage : formation gratuite sur le tourisme r\u00e9g\u00e9n\u00e9ratif"},"content":{"rendered":"<p data-start=\"284\" data-end=\"603\">Le nouveau parcours de formation gratuit, promu par le <strong data-start=\"482\" data-end=\"526\">GAL Valli di Lanzo, Ceronda et Casternone<\/strong> dans le cadre du projet <strong data-start=\"552\" data-end=\"564\">E-change<\/strong>, dont le lancement est pr\u00e9vu le <strong data-start=\"582\" data-end=\"602\">24 f\u00e9vrier 2026<\/strong>.<\/p>\n<p data-start=\"631\" data-end=\"865\">L\u2019initiative s\u2019adresse aux <strong data-start=\"657\" data-end=\"714\">entrepreneurs en devenir, aux associations et aux professionnels<\/strong> int\u00e9ress\u00e9s par le d\u00e9veloppement d\u2019id\u00e9es et de projets li\u00e9s au <strong data-start=\"766\" data-end=\"790\">tourisme r\u00e9g\u00e9n\u00e9ratif <\/strong>et aux<strong data-start=\"798\" data-end=\"819\"> fili\u00e8res foresti\u00e8res<\/strong>, en pla\u00e7ant la for\u00eat et le territoire au c\u0153ur de la d\u00e9marche.<\/p>\n<p data-start=\"867\" data-end=\"1122\">Tout au long du parcours, les participants auront l\u2019opportunit\u00e9 de d\u00e9couvrir des <strong data-start=\"938\" data-end=\"956\">bonnes pratiques<\/strong>, d\u2019explorer des <strong data-start=\"967\" data-end=\"992\">initiatives innovantes<\/strong> et d\u2019acqu\u00e9rir des outils concrets pour transformer une id\u00e9e en un projet capable de g\u00e9n\u00e9rer une valeur environnementale, sociale et \u00e9conomique.<\/p>\n<p data-start=\"1124\" data-end=\"1361\">Avant le lancement du cours, le GAL invite \u00e9galement le public \u00e0 <strong data-start=\"1188\" data-end=\"1217\">remplir un questionnaire<\/strong> con\u00e7u pour recueillir les besoins, attentes et exigences des futurs participants, afin de construire une offre de formation toujours plus cibl\u00e9e.<\/p>\n<p data-start=\"1363\" data-end=\"1501\"><strong data-start=\"1366\" data-end=\"1415\">Venez d\u00e9couvrir le parcours \u00ab Tourisme Sauvage \u00bb<\/strong> et contribuez \u00e0 imaginer de nouvelles formes de tourisme durable pour les Valli di Lanzo.<\/p>\n<p>En pr\u00e9sentiel :24 f\u00e9vrier, \u00e0 17h30, au Graies HUB, Lanzo Torinese \u2013 participation libre<\/p>\n<p><strong>En ligne <\/strong>: 27 f\u00e9vrier, \u00e0 17h30.<\/p>\n<p>Et si vous souhaitez nous aider \u00e0 construire un cours v\u00e9ritablement adapt\u00e9 \u00e0 vos besoins, consacrez 2 minutes \u00e0 ce questionnaire :<br \/>\n<a href=\"https:\/\/docs.google.com\/forms\/d\/e\/1FAIpQLSdjSfvmNtVklSMi95n0dllSJea4jlozHy5we4kDyhWFmJCYsg\/viewform\" target=\"_blank\" rel=\"noopener\">https:\/\/docs.google.com\/forms\/d\/e\/1FAIpQLSdjSfvmNtVklSMi95n0dllSJea4jlozHy5we4kDyhWFmJCYsg\/viewform<\/a><\/p>\n<p>Plus d\u2019informations au lien : <a href=\"https:\/\/www.gal-vallilanzocerondacasternone.it\/news\" target=\"_blank\" rel=\"noopener\">https:\/\/www.gal-vallilanzocerondacasternone.it\/news<\/a><\/p>\n","protected":false},"excerpt":{"rendered":"<p>Promouvoir un tourisme capable de r\u00e9g\u00e9n\u00e9rer le territoire et de valoriser la for\u00eat comme une ressource vivante : tel est l\u2019objectif de \u00ab Tourisme Sauvage \u00bb.<\/p>\n","protected":false},"author":1,"featured_media":2046,"comment_status":"closed","ping_status":"closed","sticky":false,"template":"","format":"standard","meta":{"_acf_changed":false,"footnotes":""},"categories":[28],"tags":[],"class_list":["post-2032","post","type-post","status-publish","format-standard","has-post-thumbnail","hentry","category-e-change"],"acf":[],"yoast_head":"<!-- This site is optimized with the Yoast SEO plugin v27.5 - https:\/\/yoast.com\/product\/yoast-seo-wordpress\/ -->\n<title>Tourisme Sauvage : formation gratuite sur le tourisme r\u00e9g\u00e9n\u00e9ratif - Graies Clima Lab<\/title>\n<meta name=\"robots\" content=\"index, follow, max-snippet:-1, max-image-preview:large, max-video-preview:-1\" \/>\n<link rel=\"canonical\" href=\"https:\/\/www.graiesclimalab.eu\/fr\/2026\/02\/06\/tourisme-sauvage-formation-gratuite-sur-le-tourisme-regeneratif\/\" \/>\n<meta property=\"og:locale\" content=\"fr_FR\" \/>\n<meta property=\"og:type\" content=\"article\" \/>\n<meta property=\"og:title\" content=\"Tourisme Sauvage : formation gratuite sur le tourisme r\u00e9g\u00e9n\u00e9ratif - Graies Clima Lab\" \/>\n<meta property=\"og:description\" content=\"Promouvoir un tourisme capable de r\u00e9g\u00e9n\u00e9rer le territoire et de valoriser la for\u00eat comme une ressource vivante : tel est l\u2019objectif de \u00ab Tourisme Sauvage \u00bb.\" \/>\n<meta property=\"og:url\" content=\"https:\/\/www.graiesclimalab.eu\/fr\/2026\/02\/06\/tourisme-sauvage-formation-gratuite-sur-le-tourisme-regeneratif\/\" \/>\n<meta property=\"og:site_name\" content=\"Graies Clima Lab\" \/>\n<meta property=\"article:publisher\" content=\"https:\/\/www.facebook.com\/CittaMetroTO\" \/>\n<meta property=\"article:published_time\" content=\"2026-02-06T14:22:09+00:00\" \/>\n<meta property=\"article:modified_time\" content=\"2026-02-06T14:36:44+00:00\" \/>\n<meta property=\"og:image\" content=\"https:\/\/www.graiesclimalab.eu\/wp-content\/uploads\/2026\/02\/turismo-selvaggio.jpg\" \/>\n\t<meta property=\"og:image:width\" content=\"1520\" \/>\n\t<meta property=\"og:image:height\" content=\"836\" \/>\n\t<meta property=\"og:image:type\" content=\"image\/jpeg\" \/>\n<meta name=\"author\" content=\"BarbaraG25\" \/>\n<meta name=\"twitter:card\" content=\"summary_large_image\" \/>\n<meta name=\"twitter:label1\" content=\"\u00c9crit par\" \/>\n\t<meta name=\"twitter:data1\" content=\"BarbaraG25\" \/>\n\t<meta name=\"twitter:label2\" content=\"Dur\u00e9e de lecture estim\u00e9e\" \/>\n\t<meta name=\"twitter:data2\" content=\"1 minute\" \/>\n<script type=\"application\/ld+json\" class=\"yoast-schema-graph\">{\"@context\":\"https:\\\/\\\/schema.org\",\"@graph\":[{\"@type\":\"Article\",\"@id\":\"https:\\\/\\\/www.graiesclimalab.eu\\\/fr\\\/2026\\\/02\\\/06\\\/tourisme-sauvage-formation-gratuite-sur-le-tourisme-regeneratif\\\/#article\",\"isPartOf\":{\"@id\":\"https:\\\/\\\/www.graiesclimalab.eu\\\/fr\\\/2026\\\/02\\\/06\\\/tourisme-sauvage-formation-gratuite-sur-le-tourisme-regeneratif\\\/\"},\"author\":{\"name\":\"BarbaraG25\",\"@id\":\"https:\\\/\\\/www.graiesclimalab.eu\\\/fr\\\/#\\\/schema\\\/person\\\/da67397c198bd9846fc083120f075f82\"},\"headline\":\"Tourisme Sauvage : formation gratuite sur le tourisme r\u00e9g\u00e9n\u00e9ratif\",\"datePublished\":\"2026-02-06T14:22:09+00:00\",\"dateModified\":\"2026-02-06T14:36:44+00:00\",\"mainEntityOfPage\":{\"@id\":\"https:\\\/\\\/www.graiesclimalab.eu\\\/fr\\\/2026\\\/02\\\/06\\\/tourisme-sauvage-formation-gratuite-sur-le-tourisme-regeneratif\\\/\"},\"wordCount\":263,\"publisher\":{\"@id\":\"https:\\\/\\\/www.graiesclimalab.eu\\\/fr\\\/#organization\"},\"image\":{\"@id\":\"https:\\\/\\\/www.graiesclimalab.eu\\\/fr\\\/2026\\\/02\\\/06\\\/tourisme-sauvage-formation-gratuite-sur-le-tourisme-regeneratif\\\/#primaryimage\"},\"thumbnailUrl\":\"https:\\\/\\\/www.graiesclimalab.eu\\\/wp-content\\\/uploads\\\/2026\\\/02\\\/turismo-3-scaled.jpeg\",\"articleSection\":[\"E-Change\"],\"inLanguage\":\"fr-FR\"},{\"@type\":\"WebPage\",\"@id\":\"https:\\\/\\\/www.graiesclimalab.eu\\\/fr\\\/2026\\\/02\\\/06\\\/tourisme-sauvage-formation-gratuite-sur-le-tourisme-regeneratif\\\/\",\"url\":\"https:\\\/\\\/www.graiesclimalab.eu\\\/fr\\\/2026\\\/02\\\/06\\\/tourisme-sauvage-formation-gratuite-sur-le-tourisme-regeneratif\\\/\",\"name\":\"Tourisme Sauvage : formation gratuite sur le tourisme r\u00e9g\u00e9n\u00e9ratif - Graies Clima Lab\",\"isPartOf\":{\"@id\":\"https:\\\/\\\/www.graiesclimalab.eu\\\/fr\\\/#website\"},\"primaryImageOfPage\":{\"@id\":\"https:\\\/\\\/www.graiesclimalab.eu\\\/fr\\\/2026\\\/02\\\/06\\\/tourisme-sauvage-formation-gratuite-sur-le-tourisme-regeneratif\\\/#primaryimage\"},\"image\":{\"@id\":\"https:\\\/\\\/www.graiesclimalab.eu\\\/fr\\\/2026\\\/02\\\/06\\\/tourisme-sauvage-formation-gratuite-sur-le-tourisme-regeneratif\\\/#primaryimage\"},\"thumbnailUrl\":\"https:\\\/\\\/www.graiesclimalab.eu\\\/wp-content\\\/uploads\\\/2026\\\/02\\\/turismo-3-scaled.jpeg\",\"datePublished\":\"2026-02-06T14:22:09+00:00\",\"dateModified\":\"2026-02-06T14:36:44+00:00\",\"breadcrumb\":{\"@id\":\"https:\\\/\\\/www.graiesclimalab.eu\\\/fr\\\/2026\\\/02\\\/06\\\/tourisme-sauvage-formation-gratuite-sur-le-tourisme-regeneratif\\\/#breadcrumb\"},\"inLanguage\":\"fr-FR\",\"potentialAction\":[{\"@type\":\"ReadAction\",\"target\":[\"https:\\\/\\\/www.graiesclimalab.eu\\\/fr\\\/2026\\\/02\\\/06\\\/tourisme-sauvage-formation-gratuite-sur-le-tourisme-regeneratif\\\/\"]}]},{\"@type\":\"ImageObject\",\"inLanguage\":\"fr-FR\",\"@id\":\"https:\\\/\\\/www.graiesclimalab.eu\\\/fr\\\/2026\\\/02\\\/06\\\/tourisme-sauvage-formation-gratuite-sur-le-tourisme-regeneratif\\\/#primaryimage\",\"url\":\"https:\\\/\\\/www.graiesclimalab.eu\\\/wp-content\\\/uploads\\\/2026\\\/02\\\/turismo-3-scaled.jpeg\",\"contentUrl\":\"https:\\\/\\\/www.graiesclimalab.eu\\\/wp-content\\\/uploads\\\/2026\\\/02\\\/turismo-3-scaled.jpeg\",\"width\":2560,\"height\":1920},{\"@type\":\"BreadcrumbList\",\"@id\":\"https:\\\/\\\/www.graiesclimalab.eu\\\/fr\\\/2026\\\/02\\\/06\\\/tourisme-sauvage-formation-gratuite-sur-le-tourisme-regeneratif\\\/#breadcrumb\",\"itemListElement\":[{\"@type\":\"ListItem\",\"position\":1,\"name\":\"Home\",\"item\":\"https:\\\/\\\/www.graiesclimalab.eu\\\/fr\\\/home\\\/\"},{\"@type\":\"ListItem\",\"position\":2,\"name\":\"Tourisme Sauvage : formation gratuite sur le tourisme r\u00e9g\u00e9n\u00e9ratif\"}]},{\"@type\":\"WebSite\",\"@id\":\"https:\\\/\\\/www.graiesclimalab.eu\\\/fr\\\/#website\",\"url\":\"https:\\\/\\\/www.graiesclimalab.eu\\\/fr\\\/\",\"name\":\"Graies Clima Lab\",\"description\":\"\",\"publisher\":{\"@id\":\"https:\\\/\\\/www.graiesclimalab.eu\\\/fr\\\/#organization\"},\"potentialAction\":[{\"@type\":\"SearchAction\",\"target\":{\"@type\":\"EntryPoint\",\"urlTemplate\":\"https:\\\/\\\/www.graiesclimalab.eu\\\/fr\\\/?s={search_term_string}\"},\"query-input\":{\"@type\":\"PropertyValueSpecification\",\"valueRequired\":true,\"valueName\":\"search_term_string\"}}],\"inLanguage\":\"fr-FR\"},{\"@type\":\"Organization\",\"@id\":\"https:\\\/\\\/www.graiesclimalab.eu\\\/fr\\\/#organization\",\"name\":\"Graies Clima Lab\",\"url\":\"https:\\\/\\\/www.graiesclimalab.eu\\\/fr\\\/\",\"logo\":{\"@type\":\"ImageObject\",\"inLanguage\":\"fr-FR\",\"@id\":\"https:\\\/\\\/www.graiesclimalab.eu\\\/fr\\\/#\\\/schema\\\/logo\\\/image\\\/\",\"url\":\"https:\\\/\\\/www.graiesclimalab.eu\\\/wp-content\\\/uploads\\\/2025\\\/09\\\/logo-graies-interreg.png\",\"contentUrl\":\"https:\\\/\\\/www.graiesclimalab.eu\\\/wp-content\\\/uploads\\\/2025\\\/09\\\/logo-graies-interreg.png\",\"width\":640,\"height\":120,\"caption\":\"Graies Clima Lab\"},\"image\":{\"@id\":\"https:\\\/\\\/www.graiesclimalab.eu\\\/fr\\\/#\\\/schema\\\/logo\\\/image\\\/\"},\"sameAs\":[\"https:\\\/\\\/www.facebook.com\\\/CittaMetroTO\",\"https:\\\/\\\/www.instagram.com\\\/cittametroto\\\/\"]},{\"@type\":\"Person\",\"@id\":\"https:\\\/\\\/www.graiesclimalab.eu\\\/fr\\\/#\\\/schema\\\/person\\\/da67397c198bd9846fc083120f075f82\",\"name\":\"BarbaraG25\",\"image\":{\"@type\":\"ImageObject\",\"inLanguage\":\"fr-FR\",\"@id\":\"https:\\\/\\\/secure.gravatar.com\\\/avatar\\\/1d74469495ffa37be86f47b0e4eaea9e68fa2671fbf06f6228abb6358f3a6183?s=96&d=mm&r=g\",\"url\":\"https:\\\/\\\/secure.gravatar.com\\\/avatar\\\/1d74469495ffa37be86f47b0e4eaea9e68fa2671fbf06f6228abb6358f3a6183?s=96&d=mm&r=g\",\"contentUrl\":\"https:\\\/\\\/secure.gravatar.com\\\/avatar\\\/1d74469495ffa37be86f47b0e4eaea9e68fa2671fbf06f6228abb6358f3a6183?s=96&d=mm&r=g\",\"caption\":\"BarbaraG25\"},\"sameAs\":[\"https:\\\/\\\/www.graiesclimalab.eu\"],\"url\":\"https:\\\/\\\/www.graiesclimalab.eu\\\/fr\\\/author\\\/barbarag25\\\/\"}]}<\/script>\n<!-- \/ Yoast SEO plugin. -->","yoast_head_json":{"title":"Tourisme Sauvage : formation gratuite sur le tourisme r\u00e9g\u00e9n\u00e9ratif - Graies Clima Lab","robots":{"index":"index","follow":"follow","max-snippet":"max-snippet:-1","max-image-preview":"max-image-preview:large","max-video-preview":"max-video-preview:-1"},"canonical":"https:\/\/www.graiesclimalab.eu\/fr\/2026\/02\/06\/tourisme-sauvage-formation-gratuite-sur-le-tourisme-regeneratif\/","og_locale":"fr_FR","og_type":"article","og_title":"Tourisme Sauvage : formation gratuite sur le tourisme r\u00e9g\u00e9n\u00e9ratif - Graies Clima Lab","og_description":"Promouvoir un tourisme capable de r\u00e9g\u00e9n\u00e9rer le territoire et de valoriser la for\u00eat comme une ressource vivante : tel est l\u2019objectif de \u00ab Tourisme Sauvage \u00bb.","og_url":"https:\/\/www.graiesclimalab.eu\/fr\/2026\/02\/06\/tourisme-sauvage-formation-gratuite-sur-le-tourisme-regeneratif\/","og_site_name":"Graies Clima Lab","article_publisher":"https:\/\/www.facebook.com\/CittaMetroTO","article_published_time":"2026-02-06T14:22:09+00:00","article_modified_time":"2026-02-06T14:36:44+00:00","og_image":[{"width":1520,"height":836,"url":"https:\/\/www.graiesclimalab.eu\/wp-content\/uploads\/2026\/02\/turismo-selvaggio.jpg","type":"image\/jpeg"}],"author":"BarbaraG25","twitter_card":"summary_large_image","twitter_misc":{"\u00c9crit par":"BarbaraG25","Dur\u00e9e de lecture estim\u00e9e":"1 minute"},"schema":{"@context":"https:\/\/schema.org","@graph":[{"@type":"Article","@id":"https:\/\/www.graiesclimalab.eu\/fr\/2026\/02\/06\/tourisme-sauvage-formation-gratuite-sur-le-tourisme-regeneratif\/#article","isPartOf":{"@id":"https:\/\/www.graiesclimalab.eu\/fr\/2026\/02\/06\/tourisme-sauvage-formation-gratuite-sur-le-tourisme-regeneratif\/"},"author":{"name":"BarbaraG25","@id":"https:\/\/www.graiesclimalab.eu\/fr\/#\/schema\/person\/da67397c198bd9846fc083120f075f82"},"headline":"Tourisme Sauvage : formation gratuite sur le tourisme r\u00e9g\u00e9n\u00e9ratif","datePublished":"2026-02-06T14:22:09+00:00","dateModified":"2026-02-06T14:36:44+00:00","mainEntityOfPage":{"@id":"https:\/\/www.graiesclimalab.eu\/fr\/2026\/02\/06\/tourisme-sauvage-formation-gratuite-sur-le-tourisme-regeneratif\/"},"wordCount":263,"publisher":{"@id":"https:\/\/www.graiesclimalab.eu\/fr\/#organization"},"image":{"@id":"https:\/\/www.graiesclimalab.eu\/fr\/2026\/02\/06\/tourisme-sauvage-formation-gratuite-sur-le-tourisme-regeneratif\/#primaryimage"},"thumbnailUrl":"https:\/\/www.graiesclimalab.eu\/wp-content\/uploads\/2026\/02\/turismo-3-scaled.jpeg","articleSection":["E-Change"],"inLanguage":"fr-FR"},{"@type":"WebPage","@id":"https:\/\/www.graiesclimalab.eu\/fr\/2026\/02\/06\/tourisme-sauvage-formation-gratuite-sur-le-tourisme-regeneratif\/","url":"https:\/\/www.graiesclimalab.eu\/fr\/2026\/02\/06\/tourisme-sauvage-formation-gratuite-sur-le-tourisme-regeneratif\/","name":"Tourisme Sauvage : formation gratuite sur le tourisme r\u00e9g\u00e9n\u00e9ratif - Graies Clima Lab","isPartOf":{"@id":"https:\/\/www.graiesclimalab.eu\/fr\/#website"},"primaryImageOfPage":{"@id":"https:\/\/www.graiesclimalab.eu\/fr\/2026\/02\/06\/tourisme-sauvage-formation-gratuite-sur-le-tourisme-regeneratif\/#primaryimage"},"image":{"@id":"https:\/\/www.graiesclimalab.eu\/fr\/2026\/02\/06\/tourisme-sauvage-formation-gratuite-sur-le-tourisme-regeneratif\/#primaryimage"},"thumbnailUrl":"https:\/\/www.graiesclimalab.eu\/wp-content\/uploads\/2026\/02\/turismo-3-scaled.jpeg","datePublished":"2026-02-06T14:22:09+00:00","dateModified":"2026-02-06T14:36:44+00:00","breadcrumb":{"@id":"https:\/\/www.graiesclimalab.eu\/fr\/2026\/02\/06\/tourisme-sauvage-formation-gratuite-sur-le-tourisme-regeneratif\/#breadcrumb"},"inLanguage":"fr-FR","potentialAction":[{"@type":"ReadAction","target":["https:\/\/www.graiesclimalab.eu\/fr\/2026\/02\/06\/tourisme-sauvage-formation-gratuite-sur-le-tourisme-regeneratif\/"]}]},{"@type":"ImageObject","inLanguage":"fr-FR","@id":"https:\/\/www.graiesclimalab.eu\/fr\/2026\/02\/06\/tourisme-sauvage-formation-gratuite-sur-le-tourisme-regeneratif\/#primaryimage","url":"https:\/\/www.graiesclimalab.eu\/wp-content\/uploads\/2026\/02\/turismo-3-scaled.jpeg","contentUrl":"https:\/\/www.graiesclimalab.eu\/wp-content\/uploads\/2026\/02\/turismo-3-scaled.jpeg","width":2560,"height":1920},{"@type":"BreadcrumbList","@id":"https:\/\/www.graiesclimalab.eu\/fr\/2026\/02\/06\/tourisme-sauvage-formation-gratuite-sur-le-tourisme-regeneratif\/#breadcrumb","itemListElement":[{"@type":"ListItem","position":1,"name":"Home","item":"https:\/\/www.graiesclimalab.eu\/fr\/home\/"},{"@type":"ListItem","position":2,"name":"Tourisme Sauvage : formation gratuite sur le tourisme r\u00e9g\u00e9n\u00e9ratif"}]},{"@type":"WebSite","@id":"https:\/\/www.graiesclimalab.eu\/fr\/#website","url":"https:\/\/www.graiesclimalab.eu\/fr\/","name":"Graies Clima Lab","description":"","publisher":{"@id":"https:\/\/www.graiesclimalab.eu\/fr\/#organization"},"potentialAction":[{"@type":"SearchAction","target":{"@type":"EntryPoint","urlTemplate":"https:\/\/www.graiesclimalab.eu\/fr\/?s={search_term_string}"},"query-input":{"@type":"PropertyValueSpecification","valueRequired":true,"valueName":"search_term_string"}}],"inLanguage":"fr-FR"},{"@type":"Organization","@id":"https:\/\/www.graiesclimalab.eu\/fr\/#organization","name":"Graies Clima Lab","url":"https:\/\/www.graiesclimalab.eu\/fr\/","logo":{"@type":"ImageObject","inLanguage":"fr-FR","@id":"https:\/\/www.graiesclimalab.eu\/fr\/#\/schema\/logo\/image\/","url":"https:\/\/www.graiesclimalab.eu\/wp-content\/uploads\/2025\/09\/logo-graies-interreg.png","contentUrl":"https:\/\/www.graiesclimalab.eu\/wp-content\/uploads\/2025\/09\/logo-graies-interreg.png","width":640,"height":120,"caption":"Graies Clima Lab"},"image":{"@id":"https:\/\/www.graiesclimalab.eu\/fr\/#\/schema\/logo\/image\/"},"sameAs":["https:\/\/www.facebook.com\/CittaMetroTO","https:\/\/www.instagram.com\/cittametroto\/"]},{"@type":"Person","@id":"https:\/\/www.graiesclimalab.eu\/fr\/#\/schema\/person\/da67397c198bd9846fc083120f075f82","name":"BarbaraG25","image":{"@type":"ImageObject","inLanguage":"fr-FR","@id":"https:\/\/secure.gravatar.com\/avatar\/1d74469495ffa37be86f47b0e4eaea9e68fa2671fbf06f6228abb6358f3a6183?s=96&d=mm&r=g","url":"https:\/\/secure.gravatar.com\/avatar\/1d74469495ffa37be86f47b0e4eaea9e68fa2671fbf06f6228abb6358f3a6183?s=96&d=mm&r=g","contentUrl":"https:\/\/secure.gravatar.com\/avatar\/1d74469495ffa37be86f47b0e4eaea9e68fa2671fbf06f6228abb6358f3a6183?s=96&d=mm&r=g","caption":"BarbaraG25"},"sameAs":["https:\/\/www.graiesclimalab.eu"],"url":"https:\/\/www.graiesclimalab.eu\/fr\/author\/barbarag25\/"}]}},"_links":{"self":[{"href":"https:\/\/www.graiesclimalab.eu\/fr\/wp-json\/wp\/v2\/posts\/2032","targetHints":{"allow":["GET"]}}],"collection":[{"href":"https:\/\/www.graiesclimalab.eu\/fr\/wp-json\/wp\/v2\/posts"}],"about":[{"href":"https:\/\/www.graiesclimalab.eu\/fr\/wp-json\/wp\/v2\/types\/post"}],"author":[{"embeddable":true,"href":"https:\/\/www.graiesclimalab.eu\/fr\/wp-json\/wp\/v2\/users\/1"}],"replies":[{"embeddable":true,"href":"https:\/\/www.graiesclimalab.eu\/fr\/wp-json\/wp\/v2\/comments?post=2032"}],"version-history":[{"count":2,"href":"https:\/\/www.graiesclimalab.eu\/fr\/wp-json\/wp\/v2\/posts\/2032\/revisions"}],"predecessor-version":[{"id":2035,"href":"https:\/\/www.graiesclimalab.eu\/fr\/wp-json\/wp\/v2\/posts\/2032\/revisions\/2035"}],"wp:featuredmedia":[{"embeddable":true,"href":"https:\/\/www.graiesclimalab.eu\/fr\/wp-json\/wp\/v2\/media\/2046"}],"wp:attachment":[{"href":"https:\/\/www.graiesclimalab.eu\/fr\/wp-json\/wp\/v2\/media?parent=2032"}],"wp:term":[{"taxonomy":"category","embeddable":true,"href":"https:\/\/www.graiesclimalab.eu\/fr\/wp-json\/wp\/v2\/categories?post=2032"},{"taxonomy":"post_tag","embeddable":true,"href":"https:\/\/www.graiesclimalab.eu\/fr\/wp-json\/wp\/v2\/tags?post=2032"}],"curies":[{"name":"wp","href":"https:\/\/api.w.org\/{rel}","templated":true}]}}