{"id":2041,"date":"2026-02-06T15:52:06","date_gmt":"2026-02-06T14:52:06","guid":{"rendered":"https:\/\/www.graiesclimalab.eu\/?p=2041"},"modified":"2026-02-06T15:55:15","modified_gmt":"2026-02-06T14:55:15","slug":"atelier-effet-terre","status":"publish","type":"post","link":"https:\/\/www.graiesclimalab.eu\/fr\/2026\/02\/06\/atelier-effet-terre\/","title":{"rendered":"Atelier Effet Terre"},"content":{"rendered":"<p>Un nouveau projet de formation d\u00e9di\u00e9 aux <strong>jeunes<\/strong> a pour objectif de les accompagner dans un parcours de <strong>connaissance, d\u2019\u00e9change et d\u2019action<\/strong>, en partant de leur territoire afin de relever de mani\u00e8re consciente les d\u00e9fis pos\u00e9s par le <strong>changement climatique<\/strong>.<\/p>\n<p>Le laboratoire propose des <strong>outils concrets<\/strong> pour comprendre les causes et les effets du changement climatique, tant \u00e0 l\u2019\u00e9chelle <strong>globale que locale<\/strong>, et pour d\u00e9velopper un <strong>r\u00f4le actif et responsable au sein de la communaut\u00e9<\/strong>. Le parcours vise \u00e9galement \u00e0 renforcer les <strong>comp\u00e9tences en citoyennet\u00e9 active<\/strong>, \u00e0 stimuler la <strong>collaboration<\/strong>, \u00e0 d\u00e9velopper des <strong>capacit\u00e9s de leadership<\/strong> et \u00e0 favoriser le <strong>partage d\u2019id\u00e9es et de solutions innovantes<\/strong>.<\/p>\n<p>L\u2019activit\u00e9 est organis\u00e9e dans le cadre du <strong>projet INCIT du PITER+ GRAIES ClimaLab<\/strong>, coordonn\u00e9 par la <strong>Citt\u00e0 metropolitana di Torino<\/strong>, au sein du <strong>Programme de coop\u00e9ration Interreg VI-A France\u2013Italie ALCOTRA 2021\u20132027<\/strong>.<\/p>\n<p>Le parcours s\u2019adresse \u00e0 <strong>30 \u00e9l\u00e8ves \u00e2g\u00e9s de 15 \u00e0 18 ans<\/strong>, issus des \u00e9tablissements scolaires situ\u00e9s dans le <strong>p\u00e9rim\u00e8tre d\u2019action du GAL Valli del Canavese<\/strong>.<\/p>\n<p>Pour s\u2019inscrire, il est n\u00e9cessaire de remplir le formulaire au lien suivant <strong>avant le 8 mars 2026<\/strong> :<br \/>\n<a href=\"https:\/\/forms.gle\/seBwbomXvnmYyKVt7\" target=\"_blank\" rel=\"noopener\">https:\/\/forms.gle\/seBwbomXvnmYyKVt7<\/a><\/p>\n<p>Pour plus d\u2019informations :<br \/>\n<a href=\"https:\/\/galvallidelcanavese.it\/piter-graies-climalab-incit\/\" target=\"_blank\" rel=\"noopener\">https:\/\/galvallidelcanavese.it\/piter-graies-climalab-incit\/<\/a><\/p>\n","protected":false},"excerpt":{"rendered":"<p>Un parcours de formation pour relever le d\u00e9fi du changement climatique en partant du territoire.<\/p>\n","protected":false},"author":1,"featured_media":2040,"comment_status":"closed","ping_status":"closed","sticky":false,"template":"","format":"standard","meta":{"_acf_changed":false,"footnotes":""},"categories":[24],"tags":[],"class_list":["post-2041","post","type-post","status-publish","format-standard","has-post-thumbnail","hentry","category-incit"],"acf":[],"yoast_head":"<!-- This site is optimized with the Yoast SEO plugin v27.5 - https:\/\/yoast.com\/product\/yoast-seo-wordpress\/ -->\n<title>Atelier Effet Terre - Graies Clima Lab<\/title>\n<meta name=\"robots\" content=\"index, follow, max-snippet:-1, max-image-preview:large, max-video-preview:-1\" \/>\n<link rel=\"canonical\" href=\"https:\/\/www.graiesclimalab.eu\/fr\/2026\/02\/06\/atelier-effet-terre\/\" \/>\n<meta property=\"og:locale\" content=\"fr_FR\" \/>\n<meta property=\"og:type\" content=\"article\" \/>\n<meta property=\"og:title\" content=\"Atelier Effet Terre - Graies Clima Lab\" \/>\n<meta property=\"og:description\" content=\"Un parcours de formation pour relever le d\u00e9fi du changement climatique en partant du territoire.\" \/>\n<meta property=\"og:url\" content=\"https:\/\/www.graiesclimalab.eu\/fr\/2026\/02\/06\/atelier-effet-terre\/\" \/>\n<meta property=\"og:site_name\" content=\"Graies Clima Lab\" \/>\n<meta property=\"article:publisher\" content=\"https:\/\/www.facebook.com\/CittaMetroTO\" \/>\n<meta property=\"article:published_time\" content=\"2026-02-06T14:52:06+00:00\" \/>\n<meta property=\"article:modified_time\" content=\"2026-02-06T14:55:15+00:00\" \/>\n<meta property=\"og:image\" content=\"https:\/\/www.graiesclimalab.eu\/wp-content\/uploads\/2026\/02\/laboratorio-effetto-terra.jpg\" \/>\n\t<meta property=\"og:image:width\" content=\"2000\" \/>\n\t<meta property=\"og:image:height\" content=\"1100\" \/>\n\t<meta property=\"og:image:type\" content=\"image\/jpeg\" \/>\n<meta name=\"author\" content=\"BarbaraG25\" \/>\n<meta name=\"twitter:card\" content=\"summary_large_image\" \/>\n<meta name=\"twitter:label1\" content=\"\u00c9crit par\" \/>\n\t<meta name=\"twitter:data1\" content=\"BarbaraG25\" \/>\n\t<meta name=\"twitter:label2\" content=\"Dur\u00e9e de lecture estim\u00e9e\" \/>\n\t<meta name=\"twitter:data2\" content=\"2 minutes\" \/>\n<script type=\"application\/ld+json\" class=\"yoast-schema-graph\">{\"@context\":\"https:\\\/\\\/schema.org\",\"@graph\":[{\"@type\":\"Article\",\"@id\":\"https:\\\/\\\/www.graiesclimalab.eu\\\/fr\\\/2026\\\/02\\\/06\\\/atelier-effet-terre\\\/#article\",\"isPartOf\":{\"@id\":\"https:\\\/\\\/www.graiesclimalab.eu\\\/fr\\\/2026\\\/02\\\/06\\\/atelier-effet-terre\\\/\"},\"author\":{\"name\":\"BarbaraG25\",\"@id\":\"https:\\\/\\\/www.graiesclimalab.eu\\\/fr\\\/#\\\/schema\\\/person\\\/da67397c198bd9846fc083120f075f82\"},\"headline\":\"Atelier Effet Terre\",\"datePublished\":\"2026-02-06T14:52:06+00:00\",\"dateModified\":\"2026-02-06T14:55:15+00:00\",\"mainEntityOfPage\":{\"@id\":\"https:\\\/\\\/www.graiesclimalab.eu\\\/fr\\\/2026\\\/02\\\/06\\\/atelier-effet-terre\\\/\"},\"wordCount\":209,\"publisher\":{\"@id\":\"https:\\\/\\\/www.graiesclimalab.eu\\\/fr\\\/#organization\"},\"image\":{\"@id\":\"https:\\\/\\\/www.graiesclimalab.eu\\\/fr\\\/2026\\\/02\\\/06\\\/atelier-effet-terre\\\/#primaryimage\"},\"thumbnailUrl\":\"https:\\\/\\\/www.graiesclimalab.eu\\\/wp-content\\\/uploads\\\/2026\\\/02\\\/laboratorio-effetto-terra.jpg\",\"articleSection\":[\"INCIT\"],\"inLanguage\":\"fr-FR\"},{\"@type\":\"WebPage\",\"@id\":\"https:\\\/\\\/www.graiesclimalab.eu\\\/fr\\\/2026\\\/02\\\/06\\\/atelier-effet-terre\\\/\",\"url\":\"https:\\\/\\\/www.graiesclimalab.eu\\\/fr\\\/2026\\\/02\\\/06\\\/atelier-effet-terre\\\/\",\"name\":\"Atelier Effet Terre - Graies Clima Lab\",\"isPartOf\":{\"@id\":\"https:\\\/\\\/www.graiesclimalab.eu\\\/fr\\\/#website\"},\"primaryImageOfPage\":{\"@id\":\"https:\\\/\\\/www.graiesclimalab.eu\\\/fr\\\/2026\\\/02\\\/06\\\/atelier-effet-terre\\\/#primaryimage\"},\"image\":{\"@id\":\"https:\\\/\\\/www.graiesclimalab.eu\\\/fr\\\/2026\\\/02\\\/06\\\/atelier-effet-terre\\\/#primaryimage\"},\"thumbnailUrl\":\"https:\\\/\\\/www.graiesclimalab.eu\\\/wp-content\\\/uploads\\\/2026\\\/02\\\/laboratorio-effetto-terra.jpg\",\"datePublished\":\"2026-02-06T14:52:06+00:00\",\"dateModified\":\"2026-02-06T14:55:15+00:00\",\"breadcrumb\":{\"@id\":\"https:\\\/\\\/www.graiesclimalab.eu\\\/fr\\\/2026\\\/02\\\/06\\\/atelier-effet-terre\\\/#breadcrumb\"},\"inLanguage\":\"fr-FR\",\"potentialAction\":[{\"@type\":\"ReadAction\",\"target\":[\"https:\\\/\\\/www.graiesclimalab.eu\\\/fr\\\/2026\\\/02\\\/06\\\/atelier-effet-terre\\\/\"]}]},{\"@type\":\"ImageObject\",\"inLanguage\":\"fr-FR\",\"@id\":\"https:\\\/\\\/www.graiesclimalab.eu\\\/fr\\\/2026\\\/02\\\/06\\\/atelier-effet-terre\\\/#primaryimage\",\"url\":\"https:\\\/\\\/www.graiesclimalab.eu\\\/wp-content\\\/uploads\\\/2026\\\/02\\\/laboratorio-effetto-terra.jpg\",\"contentUrl\":\"https:\\\/\\\/www.graiesclimalab.eu\\\/wp-content\\\/uploads\\\/2026\\\/02\\\/laboratorio-effetto-terra.jpg\",\"width\":2000,\"height\":1100},{\"@type\":\"BreadcrumbList\",\"@id\":\"https:\\\/\\\/www.graiesclimalab.eu\\\/fr\\\/2026\\\/02\\\/06\\\/atelier-effet-terre\\\/#breadcrumb\",\"itemListElement\":[{\"@type\":\"ListItem\",\"position\":1,\"name\":\"Home\",\"item\":\"https:\\\/\\\/www.graiesclimalab.eu\\\/fr\\\/home\\\/\"},{\"@type\":\"ListItem\",\"position\":2,\"name\":\"Atelier Effet Terre\"}]},{\"@type\":\"WebSite\",\"@id\":\"https:\\\/\\\/www.graiesclimalab.eu\\\/fr\\\/#website\",\"url\":\"https:\\\/\\\/www.graiesclimalab.eu\\\/fr\\\/\",\"name\":\"Graies Clima Lab\",\"description\":\"\",\"publisher\":{\"@id\":\"https:\\\/\\\/www.graiesclimalab.eu\\\/fr\\\/#organization\"},\"potentialAction\":[{\"@type\":\"SearchAction\",\"target\":{\"@type\":\"EntryPoint\",\"urlTemplate\":\"https:\\\/\\\/www.graiesclimalab.eu\\\/fr\\\/?s={search_term_string}\"},\"query-input\":{\"@type\":\"PropertyValueSpecification\",\"valueRequired\":true,\"valueName\":\"search_term_string\"}}],\"inLanguage\":\"fr-FR\"},{\"@type\":\"Organization\",\"@id\":\"https:\\\/\\\/www.graiesclimalab.eu\\\/fr\\\/#organization\",\"name\":\"Graies Clima Lab\",\"url\":\"https:\\\/\\\/www.graiesclimalab.eu\\\/fr\\\/\",\"logo\":{\"@type\":\"ImageObject\",\"inLanguage\":\"fr-FR\",\"@id\":\"https:\\\/\\\/www.graiesclimalab.eu\\\/fr\\\/#\\\/schema\\\/logo\\\/image\\\/\",\"url\":\"https:\\\/\\\/www.graiesclimalab.eu\\\/wp-content\\\/uploads\\\/2025\\\/09\\\/logo-graies-interreg.png\",\"contentUrl\":\"https:\\\/\\\/www.graiesclimalab.eu\\\/wp-content\\\/uploads\\\/2025\\\/09\\\/logo-graies-interreg.png\",\"width\":640,\"height\":120,\"caption\":\"Graies Clima Lab\"},\"image\":{\"@id\":\"https:\\\/\\\/www.graiesclimalab.eu\\\/fr\\\/#\\\/schema\\\/logo\\\/image\\\/\"},\"sameAs\":[\"https:\\\/\\\/www.facebook.com\\\/CittaMetroTO\",\"https:\\\/\\\/www.instagram.com\\\/cittametroto\\\/\"]},{\"@type\":\"Person\",\"@id\":\"https:\\\/\\\/www.graiesclimalab.eu\\\/fr\\\/#\\\/schema\\\/person\\\/da67397c198bd9846fc083120f075f82\",\"name\":\"BarbaraG25\",\"image\":{\"@type\":\"ImageObject\",\"inLanguage\":\"fr-FR\",\"@id\":\"https:\\\/\\\/secure.gravatar.com\\\/avatar\\\/1d74469495ffa37be86f47b0e4eaea9e68fa2671fbf06f6228abb6358f3a6183?s=96&d=mm&r=g\",\"url\":\"https:\\\/\\\/secure.gravatar.com\\\/avatar\\\/1d74469495ffa37be86f47b0e4eaea9e68fa2671fbf06f6228abb6358f3a6183?s=96&d=mm&r=g\",\"contentUrl\":\"https:\\\/\\\/secure.gravatar.com\\\/avatar\\\/1d74469495ffa37be86f47b0e4eaea9e68fa2671fbf06f6228abb6358f3a6183?s=96&d=mm&r=g\",\"caption\":\"BarbaraG25\"},\"sameAs\":[\"https:\\\/\\\/www.graiesclimalab.eu\"],\"url\":\"https:\\\/\\\/www.graiesclimalab.eu\\\/fr\\\/author\\\/barbarag25\\\/\"}]}<\/script>\n<!-- \/ Yoast SEO plugin. -->","yoast_head_json":{"title":"Atelier Effet Terre - Graies Clima Lab","robots":{"index":"index","follow":"follow","max-snippet":"max-snippet:-1","max-image-preview":"max-image-preview:large","max-video-preview":"max-video-preview:-1"},"canonical":"https:\/\/www.graiesclimalab.eu\/fr\/2026\/02\/06\/atelier-effet-terre\/","og_locale":"fr_FR","og_type":"article","og_title":"Atelier Effet Terre - Graies Clima Lab","og_description":"Un parcours de formation pour relever le d\u00e9fi du changement climatique en partant du territoire.","og_url":"https:\/\/www.graiesclimalab.eu\/fr\/2026\/02\/06\/atelier-effet-terre\/","og_site_name":"Graies Clima Lab","article_publisher":"https:\/\/www.facebook.com\/CittaMetroTO","article_published_time":"2026-02-06T14:52:06+00:00","article_modified_time":"2026-02-06T14:55:15+00:00","og_image":[{"width":2000,"height":1100,"url":"https:\/\/www.graiesclimalab.eu\/wp-content\/uploads\/2026\/02\/laboratorio-effetto-terra.jpg","type":"image\/jpeg"}],"author":"BarbaraG25","twitter_card":"summary_large_image","twitter_misc":{"\u00c9crit par":"BarbaraG25","Dur\u00e9e de lecture estim\u00e9e":"2 minutes"},"schema":{"@context":"https:\/\/schema.org","@graph":[{"@type":"Article","@id":"https:\/\/www.graiesclimalab.eu\/fr\/2026\/02\/06\/atelier-effet-terre\/#article","isPartOf":{"@id":"https:\/\/www.graiesclimalab.eu\/fr\/2026\/02\/06\/atelier-effet-terre\/"},"author":{"name":"BarbaraG25","@id":"https:\/\/www.graiesclimalab.eu\/fr\/#\/schema\/person\/da67397c198bd9846fc083120f075f82"},"headline":"Atelier Effet Terre","datePublished":"2026-02-06T14:52:06+00:00","dateModified":"2026-02-06T14:55:15+00:00","mainEntityOfPage":{"@id":"https:\/\/www.graiesclimalab.eu\/fr\/2026\/02\/06\/atelier-effet-terre\/"},"wordCount":209,"publisher":{"@id":"https:\/\/www.graiesclimalab.eu\/fr\/#organization"},"image":{"@id":"https:\/\/www.graiesclimalab.eu\/fr\/2026\/02\/06\/atelier-effet-terre\/#primaryimage"},"thumbnailUrl":"https:\/\/www.graiesclimalab.eu\/wp-content\/uploads\/2026\/02\/laboratorio-effetto-terra.jpg","articleSection":["INCIT"],"inLanguage":"fr-FR"},{"@type":"WebPage","@id":"https:\/\/www.graiesclimalab.eu\/fr\/2026\/02\/06\/atelier-effet-terre\/","url":"https:\/\/www.graiesclimalab.eu\/fr\/2026\/02\/06\/atelier-effet-terre\/","name":"Atelier Effet Terre - Graies Clima Lab","isPartOf":{"@id":"https:\/\/www.graiesclimalab.eu\/fr\/#website"},"primaryImageOfPage":{"@id":"https:\/\/www.graiesclimalab.eu\/fr\/2026\/02\/06\/atelier-effet-terre\/#primaryimage"},"image":{"@id":"https:\/\/www.graiesclimalab.eu\/fr\/2026\/02\/06\/atelier-effet-terre\/#primaryimage"},"thumbnailUrl":"https:\/\/www.graiesclimalab.eu\/wp-content\/uploads\/2026\/02\/laboratorio-effetto-terra.jpg","datePublished":"2026-02-06T14:52:06+00:00","dateModified":"2026-02-06T14:55:15+00:00","breadcrumb":{"@id":"https:\/\/www.graiesclimalab.eu\/fr\/2026\/02\/06\/atelier-effet-terre\/#breadcrumb"},"inLanguage":"fr-FR","potentialAction":[{"@type":"ReadAction","target":["https:\/\/www.graiesclimalab.eu\/fr\/2026\/02\/06\/atelier-effet-terre\/"]}]},{"@type":"ImageObject","inLanguage":"fr-FR","@id":"https:\/\/www.graiesclimalab.eu\/fr\/2026\/02\/06\/atelier-effet-terre\/#primaryimage","url":"https:\/\/www.graiesclimalab.eu\/wp-content\/uploads\/2026\/02\/laboratorio-effetto-terra.jpg","contentUrl":"https:\/\/www.graiesclimalab.eu\/wp-content\/uploads\/2026\/02\/laboratorio-effetto-terra.jpg","width":2000,"height":1100},{"@type":"BreadcrumbList","@id":"https:\/\/www.graiesclimalab.eu\/fr\/2026\/02\/06\/atelier-effet-terre\/#breadcrumb","itemListElement":[{"@type":"ListItem","position":1,"name":"Home","item":"https:\/\/www.graiesclimalab.eu\/fr\/home\/"},{"@type":"ListItem","position":2,"name":"Atelier Effet Terre"}]},{"@type":"WebSite","@id":"https:\/\/www.graiesclimalab.eu\/fr\/#website","url":"https:\/\/www.graiesclimalab.eu\/fr\/","name":"Graies Clima Lab","description":"","publisher":{"@id":"https:\/\/www.graiesclimalab.eu\/fr\/#organization"},"potentialAction":[{"@type":"SearchAction","target":{"@type":"EntryPoint","urlTemplate":"https:\/\/www.graiesclimalab.eu\/fr\/?s={search_term_string}"},"query-input":{"@type":"PropertyValueSpecification","valueRequired":true,"valueName":"search_term_string"}}],"inLanguage":"fr-FR"},{"@type":"Organization","@id":"https:\/\/www.graiesclimalab.eu\/fr\/#organization","name":"Graies Clima Lab","url":"https:\/\/www.graiesclimalab.eu\/fr\/","logo":{"@type":"ImageObject","inLanguage":"fr-FR","@id":"https:\/\/www.graiesclimalab.eu\/fr\/#\/schema\/logo\/image\/","url":"https:\/\/www.graiesclimalab.eu\/wp-content\/uploads\/2025\/09\/logo-graies-interreg.png","contentUrl":"https:\/\/www.graiesclimalab.eu\/wp-content\/uploads\/2025\/09\/logo-graies-interreg.png","width":640,"height":120,"caption":"Graies Clima Lab"},"image":{"@id":"https:\/\/www.graiesclimalab.eu\/fr\/#\/schema\/logo\/image\/"},"sameAs":["https:\/\/www.facebook.com\/CittaMetroTO","https:\/\/www.instagram.com\/cittametroto\/"]},{"@type":"Person","@id":"https:\/\/www.graiesclimalab.eu\/fr\/#\/schema\/person\/da67397c198bd9846fc083120f075f82","name":"BarbaraG25","image":{"@type":"ImageObject","inLanguage":"fr-FR","@id":"https:\/\/secure.gravatar.com\/avatar\/1d74469495ffa37be86f47b0e4eaea9e68fa2671fbf06f6228abb6358f3a6183?s=96&d=mm&r=g","url":"https:\/\/secure.gravatar.com\/avatar\/1d74469495ffa37be86f47b0e4eaea9e68fa2671fbf06f6228abb6358f3a6183?s=96&d=mm&r=g","contentUrl":"https:\/\/secure.gravatar.com\/avatar\/1d74469495ffa37be86f47b0e4eaea9e68fa2671fbf06f6228abb6358f3a6183?s=96&d=mm&r=g","caption":"BarbaraG25"},"sameAs":["https:\/\/www.graiesclimalab.eu"],"url":"https:\/\/www.graiesclimalab.eu\/fr\/author\/barbarag25\/"}]}},"_links":{"self":[{"href":"https:\/\/www.graiesclimalab.eu\/fr\/wp-json\/wp\/v2\/posts\/2041","targetHints":{"allow":["GET"]}}],"collection":[{"href":"https:\/\/www.graiesclimalab.eu\/fr\/wp-json\/wp\/v2\/posts"}],"about":[{"href":"https:\/\/www.graiesclimalab.eu\/fr\/wp-json\/wp\/v2\/types\/post"}],"author":[{"embeddable":true,"href":"https:\/\/www.graiesclimalab.eu\/fr\/wp-json\/wp\/v2\/users\/1"}],"replies":[{"embeddable":true,"href":"https:\/\/www.graiesclimalab.eu\/fr\/wp-json\/wp\/v2\/comments?post=2041"}],"version-history":[{"count":1,"href":"https:\/\/www.graiesclimalab.eu\/fr\/wp-json\/wp\/v2\/posts\/2041\/revisions"}],"predecessor-version":[{"id":2042,"href":"https:\/\/www.graiesclimalab.eu\/fr\/wp-json\/wp\/v2\/posts\/2041\/revisions\/2042"}],"wp:featuredmedia":[{"embeddable":true,"href":"https:\/\/www.graiesclimalab.eu\/fr\/wp-json\/wp\/v2\/media\/2040"}],"wp:attachment":[{"href":"https:\/\/www.graiesclimalab.eu\/fr\/wp-json\/wp\/v2\/media?parent=2041"}],"wp:term":[{"taxonomy":"category","embeddable":true,"href":"https:\/\/www.graiesclimalab.eu\/fr\/wp-json\/wp\/v2\/categories?post=2041"},{"taxonomy":"post_tag","embeddable":true,"href":"https:\/\/www.graiesclimalab.eu\/fr\/wp-json\/wp\/v2\/tags?post=2041"}],"curies":[{"name":"wp","href":"https:\/\/api.w.org\/{rel}","templated":true}]}}