{"id":2072,"date":"2026-04-13T10:03:35","date_gmt":"2026-04-13T08:03:35","guid":{"rendered":"https:\/\/www.graiesclimalab.eu\/2026\/04\/13\/spectacle-theatral-nina-delle-stelle\/"},"modified":"2026-04-13T10:03:35","modified_gmt":"2026-04-13T08:03:35","slug":"spectacle-theatral-nina-delle-stelle","status":"publish","type":"post","link":"https:\/\/www.graiesclimalab.eu\/fr\/2026\/04\/13\/spectacle-theatral-nina-delle-stelle\/","title":{"rendered":"Spectacle th\u00e9\u00e2tral \u00ab Nina delle stelle \u00bb"},"content":{"rendered":"<p>Dans le cadre du projet INCIT (Encourager la citoyennet\u00e9) \u2013 Piter+ GRAIES ClimaLab \u2013 financ\u00e9 par le programme Interreg ALCOTRA France-Italie, l\u2019Unit\u00e9 Grand-Paradis propose le spectacle th\u00e9\u00e2tral \u00ab <strong>Nina delle stelle<\/strong> \u00bb, \u00e9crit et interpr\u00e9t\u00e9 par <strong>Filippo Tognazzo<\/strong>, une fable moderne sur le lien indissoluble entre l\u2019homme et la nature, inspir\u00e9e de l\u2019Agenda 2030. Le spectacle s\u2019adresse \u00e0 tous \u00e0 partir de 4 ans. <\/p>\n<div>Lieu : <strong>Arvier<\/strong>, salle polyvalente situ\u00e9e <strong>Via Saint Antoine<\/strong> (b\u00e2timent scolaire)<\/div>\n<div>Date et heure : jeudi <strong>23 avril<\/strong> \u00e0 <strong>17h00<\/strong><\/div>\n<div><strong>\u00c9v\u00e9nement gratuit<\/strong><\/div>\n<div>Contacts : Unit\u00e9 des Communes vald\u00f4taines Grand-Paradis \u2013 Service D\u00e9veloppement Local +39 0165 921830<\/div>\n<div><\/div>\n<div><img fetchpriority=\"high\" decoding=\"async\" class=\"aligncenter wp-image-2064\" src=\"https:\/\/www.graiesclimalab.eu\/wp-content\/uploads\/2026\/04\/Locandina-A4-INCIT-Climalab-724x1024.jpg\" alt=\"\" width=\"424\" height=\"600\" srcset=\"https:\/\/www.graiesclimalab.eu\/wp-content\/uploads\/2026\/04\/Locandina-A4-INCIT-Climalab-724x1024.jpg 724w, https:\/\/www.graiesclimalab.eu\/wp-content\/uploads\/2026\/04\/Locandina-A4-INCIT-Climalab-212x300.jpg 212w, https:\/\/www.graiesclimalab.eu\/wp-content\/uploads\/2026\/04\/Locandina-A4-INCIT-Climalab-106x150.jpg 106w, https:\/\/www.graiesclimalab.eu\/wp-content\/uploads\/2026\/04\/Locandina-A4-INCIT-Climalab-768x1086.jpg 768w, https:\/\/www.graiesclimalab.eu\/wp-content\/uploads\/2026\/04\/Locandina-A4-INCIT-Climalab-1086x1536.jpg 1086w, https:\/\/www.graiesclimalab.eu\/wp-content\/uploads\/2026\/04\/Locandina-A4-INCIT-Climalab.jpg 1414w\" sizes=\"(max-width: 424px) 100vw, 424px\" \/><\/div>\n","protected":false},"excerpt":{"rendered":"<p>Piter+ GRAIES ClimaLab \u2013 financ\u00e9 par le programme Interreg ALCOTRA France-Italie propose le spectacle th\u00e9\u00e2tral \u00ab Nina delle stelle \u00bb.<\/p>\n","protected":false},"author":1,"featured_media":2071,"comment_status":"closed","ping_status":"closed","sticky":false,"template":"","format":"standard","meta":{"_acf_changed":false,"footnotes":""},"categories":[24],"tags":[],"class_list":["post-2072","post","type-post","status-publish","format-standard","has-post-thumbnail","hentry","category-incit"],"acf":[],"yoast_head":"<!-- This site is optimized with the Yoast SEO plugin v27.5 - https:\/\/yoast.com\/product\/yoast-seo-wordpress\/ -->\n<title>Spectacle th\u00e9\u00e2tral \u00ab Nina delle stelle \u00bb - Graies Clima Lab<\/title>\n<meta name=\"robots\" content=\"index, follow, max-snippet:-1, max-image-preview:large, max-video-preview:-1\" \/>\n<link rel=\"canonical\" href=\"https:\/\/www.graiesclimalab.eu\/fr\/2026\/04\/13\/spectacle-theatral-nina-delle-stelle\/\" \/>\n<meta property=\"og:locale\" content=\"fr_FR\" \/>\n<meta property=\"og:type\" content=\"article\" \/>\n<meta property=\"og:title\" content=\"Spectacle th\u00e9\u00e2tral \u00ab Nina delle stelle \u00bb - Graies Clima Lab\" \/>\n<meta property=\"og:description\" content=\"Piter+ GRAIES ClimaLab \u2013 financ\u00e9 par le programme Interreg ALCOTRA France-Italie propose le spectacle th\u00e9\u00e2tral \u00ab Nina delle stelle \u00bb.\" \/>\n<meta property=\"og:url\" content=\"https:\/\/www.graiesclimalab.eu\/fr\/2026\/04\/13\/spectacle-theatral-nina-delle-stelle\/\" \/>\n<meta property=\"og:site_name\" content=\"Graies Clima Lab\" \/>\n<meta property=\"article:publisher\" content=\"https:\/\/www.facebook.com\/CittaMetroTO\" \/>\n<meta property=\"article:published_time\" content=\"2026-04-13T08:03:35+00:00\" \/>\n<meta property=\"og:image\" content=\"https:\/\/www.graiesclimalab.eu\/wp-content\/uploads\/2026\/04\/nina-stelle-1.jpg\" \/>\n\t<meta property=\"og:image:width\" content=\"1500\" \/>\n\t<meta property=\"og:image:height\" content=\"684\" \/>\n\t<meta property=\"og:image:type\" content=\"image\/jpeg\" \/>\n<meta name=\"author\" content=\"BarbaraG25\" \/>\n<meta name=\"twitter:card\" content=\"summary_large_image\" \/>\n<meta name=\"twitter:label1\" content=\"\u00c9crit par\" \/>\n\t<meta name=\"twitter:data1\" content=\"BarbaraG25\" \/>\n<script type=\"application\/ld+json\" class=\"yoast-schema-graph\">{\"@context\":\"https:\\\/\\\/schema.org\",\"@graph\":[{\"@type\":\"Article\",\"@id\":\"https:\\\/\\\/www.graiesclimalab.eu\\\/fr\\\/2026\\\/04\\\/13\\\/spectacle-theatral-nina-delle-stelle\\\/#article\",\"isPartOf\":{\"@id\":\"https:\\\/\\\/www.graiesclimalab.eu\\\/fr\\\/2026\\\/04\\\/13\\\/spectacle-theatral-nina-delle-stelle\\\/\"},\"author\":{\"name\":\"BarbaraG25\",\"@id\":\"https:\\\/\\\/www.graiesclimalab.eu\\\/fr\\\/#\\\/schema\\\/person\\\/da67397c198bd9846fc083120f075f82\"},\"headline\":\"Spectacle th\u00e9\u00e2tral \u00ab Nina delle stelle \u00bb\",\"datePublished\":\"2026-04-13T08:03:35+00:00\",\"mainEntityOfPage\":{\"@id\":\"https:\\\/\\\/www.graiesclimalab.eu\\\/fr\\\/2026\\\/04\\\/13\\\/spectacle-theatral-nina-delle-stelle\\\/\"},\"wordCount\":101,\"publisher\":{\"@id\":\"https:\\\/\\\/www.graiesclimalab.eu\\\/fr\\\/#organization\"},\"image\":{\"@id\":\"https:\\\/\\\/www.graiesclimalab.eu\\\/fr\\\/2026\\\/04\\\/13\\\/spectacle-theatral-nina-delle-stelle\\\/#primaryimage\"},\"thumbnailUrl\":\"https:\\\/\\\/www.graiesclimalab.eu\\\/wp-content\\\/uploads\\\/2026\\\/04\\\/nina-stelle-1.jpg\",\"articleSection\":[\"INCIT\"],\"inLanguage\":\"fr-FR\"},{\"@type\":\"WebPage\",\"@id\":\"https:\\\/\\\/www.graiesclimalab.eu\\\/fr\\\/2026\\\/04\\\/13\\\/spectacle-theatral-nina-delle-stelle\\\/\",\"url\":\"https:\\\/\\\/www.graiesclimalab.eu\\\/fr\\\/2026\\\/04\\\/13\\\/spectacle-theatral-nina-delle-stelle\\\/\",\"name\":\"Spectacle th\u00e9\u00e2tral \u00ab Nina delle stelle \u00bb - Graies Clima Lab\",\"isPartOf\":{\"@id\":\"https:\\\/\\\/www.graiesclimalab.eu\\\/fr\\\/#website\"},\"primaryImageOfPage\":{\"@id\":\"https:\\\/\\\/www.graiesclimalab.eu\\\/fr\\\/2026\\\/04\\\/13\\\/spectacle-theatral-nina-delle-stelle\\\/#primaryimage\"},\"image\":{\"@id\":\"https:\\\/\\\/www.graiesclimalab.eu\\\/fr\\\/2026\\\/04\\\/13\\\/spectacle-theatral-nina-delle-stelle\\\/#primaryimage\"},\"thumbnailUrl\":\"https:\\\/\\\/www.graiesclimalab.eu\\\/wp-content\\\/uploads\\\/2026\\\/04\\\/nina-stelle-1.jpg\",\"datePublished\":\"2026-04-13T08:03:35+00:00\",\"breadcrumb\":{\"@id\":\"https:\\\/\\\/www.graiesclimalab.eu\\\/fr\\\/2026\\\/04\\\/13\\\/spectacle-theatral-nina-delle-stelle\\\/#breadcrumb\"},\"inLanguage\":\"fr-FR\",\"potentialAction\":[{\"@type\":\"ReadAction\",\"target\":[\"https:\\\/\\\/www.graiesclimalab.eu\\\/fr\\\/2026\\\/04\\\/13\\\/spectacle-theatral-nina-delle-stelle\\\/\"]}]},{\"@type\":\"ImageObject\",\"inLanguage\":\"fr-FR\",\"@id\":\"https:\\\/\\\/www.graiesclimalab.eu\\\/fr\\\/2026\\\/04\\\/13\\\/spectacle-theatral-nina-delle-stelle\\\/#primaryimage\",\"url\":\"https:\\\/\\\/www.graiesclimalab.eu\\\/wp-content\\\/uploads\\\/2026\\\/04\\\/nina-stelle-1.jpg\",\"contentUrl\":\"https:\\\/\\\/www.graiesclimalab.eu\\\/wp-content\\\/uploads\\\/2026\\\/04\\\/nina-stelle-1.jpg\",\"width\":1500,\"height\":684},{\"@type\":\"BreadcrumbList\",\"@id\":\"https:\\\/\\\/www.graiesclimalab.eu\\\/fr\\\/2026\\\/04\\\/13\\\/spectacle-theatral-nina-delle-stelle\\\/#breadcrumb\",\"itemListElement\":[{\"@type\":\"ListItem\",\"position\":1,\"name\":\"Home\",\"item\":\"https:\\\/\\\/www.graiesclimalab.eu\\\/fr\\\/home\\\/\"},{\"@type\":\"ListItem\",\"position\":2,\"name\":\"Spectacle th\u00e9\u00e2tral \u00ab Nina delle stelle \u00bb\"}]},{\"@type\":\"WebSite\",\"@id\":\"https:\\\/\\\/www.graiesclimalab.eu\\\/fr\\\/#website\",\"url\":\"https:\\\/\\\/www.graiesclimalab.eu\\\/fr\\\/\",\"name\":\"Graies Clima Lab\",\"description\":\"\",\"publisher\":{\"@id\":\"https:\\\/\\\/www.graiesclimalab.eu\\\/fr\\\/#organization\"},\"potentialAction\":[{\"@type\":\"SearchAction\",\"target\":{\"@type\":\"EntryPoint\",\"urlTemplate\":\"https:\\\/\\\/www.graiesclimalab.eu\\\/fr\\\/?s={search_term_string}\"},\"query-input\":{\"@type\":\"PropertyValueSpecification\",\"valueRequired\":true,\"valueName\":\"search_term_string\"}}],\"inLanguage\":\"fr-FR\"},{\"@type\":\"Organization\",\"@id\":\"https:\\\/\\\/www.graiesclimalab.eu\\\/fr\\\/#organization\",\"name\":\"Graies Clima Lab\",\"url\":\"https:\\\/\\\/www.graiesclimalab.eu\\\/fr\\\/\",\"logo\":{\"@type\":\"ImageObject\",\"inLanguage\":\"fr-FR\",\"@id\":\"https:\\\/\\\/www.graiesclimalab.eu\\\/fr\\\/#\\\/schema\\\/logo\\\/image\\\/\",\"url\":\"https:\\\/\\\/www.graiesclimalab.eu\\\/wp-content\\\/uploads\\\/2025\\\/09\\\/logo-graies-interreg.png\",\"contentUrl\":\"https:\\\/\\\/www.graiesclimalab.eu\\\/wp-content\\\/uploads\\\/2025\\\/09\\\/logo-graies-interreg.png\",\"width\":640,\"height\":120,\"caption\":\"Graies Clima Lab\"},\"image\":{\"@id\":\"https:\\\/\\\/www.graiesclimalab.eu\\\/fr\\\/#\\\/schema\\\/logo\\\/image\\\/\"},\"sameAs\":[\"https:\\\/\\\/www.facebook.com\\\/CittaMetroTO\",\"https:\\\/\\\/www.instagram.com\\\/cittametroto\\\/\"]},{\"@type\":\"Person\",\"@id\":\"https:\\\/\\\/www.graiesclimalab.eu\\\/fr\\\/#\\\/schema\\\/person\\\/da67397c198bd9846fc083120f075f82\",\"name\":\"BarbaraG25\",\"image\":{\"@type\":\"ImageObject\",\"inLanguage\":\"fr-FR\",\"@id\":\"https:\\\/\\\/secure.gravatar.com\\\/avatar\\\/1d74469495ffa37be86f47b0e4eaea9e68fa2671fbf06f6228abb6358f3a6183?s=96&d=mm&r=g\",\"url\":\"https:\\\/\\\/secure.gravatar.com\\\/avatar\\\/1d74469495ffa37be86f47b0e4eaea9e68fa2671fbf06f6228abb6358f3a6183?s=96&d=mm&r=g\",\"contentUrl\":\"https:\\\/\\\/secure.gravatar.com\\\/avatar\\\/1d74469495ffa37be86f47b0e4eaea9e68fa2671fbf06f6228abb6358f3a6183?s=96&d=mm&r=g\",\"caption\":\"BarbaraG25\"},\"sameAs\":[\"https:\\\/\\\/www.graiesclimalab.eu\"],\"url\":\"https:\\\/\\\/www.graiesclimalab.eu\\\/fr\\\/author\\\/barbarag25\\\/\"}]}<\/script>\n<!-- \/ Yoast SEO plugin. -->","yoast_head_json":{"title":"Spectacle th\u00e9\u00e2tral \u00ab Nina delle stelle \u00bb - Graies Clima Lab","robots":{"index":"index","follow":"follow","max-snippet":"max-snippet:-1","max-image-preview":"max-image-preview:large","max-video-preview":"max-video-preview:-1"},"canonical":"https:\/\/www.graiesclimalab.eu\/fr\/2026\/04\/13\/spectacle-theatral-nina-delle-stelle\/","og_locale":"fr_FR","og_type":"article","og_title":"Spectacle th\u00e9\u00e2tral \u00ab Nina delle stelle \u00bb - Graies Clima Lab","og_description":"Piter+ GRAIES ClimaLab \u2013 financ\u00e9 par le programme Interreg ALCOTRA France-Italie propose le spectacle th\u00e9\u00e2tral \u00ab Nina delle stelle \u00bb.","og_url":"https:\/\/www.graiesclimalab.eu\/fr\/2026\/04\/13\/spectacle-theatral-nina-delle-stelle\/","og_site_name":"Graies Clima Lab","article_publisher":"https:\/\/www.facebook.com\/CittaMetroTO","article_published_time":"2026-04-13T08:03:35+00:00","og_image":[{"width":1500,"height":684,"url":"https:\/\/www.graiesclimalab.eu\/wp-content\/uploads\/2026\/04\/nina-stelle-1.jpg","type":"image\/jpeg"}],"author":"BarbaraG25","twitter_card":"summary_large_image","twitter_misc":{"\u00c9crit par":"BarbaraG25"},"schema":{"@context":"https:\/\/schema.org","@graph":[{"@type":"Article","@id":"https:\/\/www.graiesclimalab.eu\/fr\/2026\/04\/13\/spectacle-theatral-nina-delle-stelle\/#article","isPartOf":{"@id":"https:\/\/www.graiesclimalab.eu\/fr\/2026\/04\/13\/spectacle-theatral-nina-delle-stelle\/"},"author":{"name":"BarbaraG25","@id":"https:\/\/www.graiesclimalab.eu\/fr\/#\/schema\/person\/da67397c198bd9846fc083120f075f82"},"headline":"Spectacle th\u00e9\u00e2tral \u00ab Nina delle stelle \u00bb","datePublished":"2026-04-13T08:03:35+00:00","mainEntityOfPage":{"@id":"https:\/\/www.graiesclimalab.eu\/fr\/2026\/04\/13\/spectacle-theatral-nina-delle-stelle\/"},"wordCount":101,"publisher":{"@id":"https:\/\/www.graiesclimalab.eu\/fr\/#organization"},"image":{"@id":"https:\/\/www.graiesclimalab.eu\/fr\/2026\/04\/13\/spectacle-theatral-nina-delle-stelle\/#primaryimage"},"thumbnailUrl":"https:\/\/www.graiesclimalab.eu\/wp-content\/uploads\/2026\/04\/nina-stelle-1.jpg","articleSection":["INCIT"],"inLanguage":"fr-FR"},{"@type":"WebPage","@id":"https:\/\/www.graiesclimalab.eu\/fr\/2026\/04\/13\/spectacle-theatral-nina-delle-stelle\/","url":"https:\/\/www.graiesclimalab.eu\/fr\/2026\/04\/13\/spectacle-theatral-nina-delle-stelle\/","name":"Spectacle th\u00e9\u00e2tral \u00ab Nina delle stelle \u00bb - Graies Clima Lab","isPartOf":{"@id":"https:\/\/www.graiesclimalab.eu\/fr\/#website"},"primaryImageOfPage":{"@id":"https:\/\/www.graiesclimalab.eu\/fr\/2026\/04\/13\/spectacle-theatral-nina-delle-stelle\/#primaryimage"},"image":{"@id":"https:\/\/www.graiesclimalab.eu\/fr\/2026\/04\/13\/spectacle-theatral-nina-delle-stelle\/#primaryimage"},"thumbnailUrl":"https:\/\/www.graiesclimalab.eu\/wp-content\/uploads\/2026\/04\/nina-stelle-1.jpg","datePublished":"2026-04-13T08:03:35+00:00","breadcrumb":{"@id":"https:\/\/www.graiesclimalab.eu\/fr\/2026\/04\/13\/spectacle-theatral-nina-delle-stelle\/#breadcrumb"},"inLanguage":"fr-FR","potentialAction":[{"@type":"ReadAction","target":["https:\/\/www.graiesclimalab.eu\/fr\/2026\/04\/13\/spectacle-theatral-nina-delle-stelle\/"]}]},{"@type":"ImageObject","inLanguage":"fr-FR","@id":"https:\/\/www.graiesclimalab.eu\/fr\/2026\/04\/13\/spectacle-theatral-nina-delle-stelle\/#primaryimage","url":"https:\/\/www.graiesclimalab.eu\/wp-content\/uploads\/2026\/04\/nina-stelle-1.jpg","contentUrl":"https:\/\/www.graiesclimalab.eu\/wp-content\/uploads\/2026\/04\/nina-stelle-1.jpg","width":1500,"height":684},{"@type":"BreadcrumbList","@id":"https:\/\/www.graiesclimalab.eu\/fr\/2026\/04\/13\/spectacle-theatral-nina-delle-stelle\/#breadcrumb","itemListElement":[{"@type":"ListItem","position":1,"name":"Home","item":"https:\/\/www.graiesclimalab.eu\/fr\/home\/"},{"@type":"ListItem","position":2,"name":"Spectacle th\u00e9\u00e2tral \u00ab Nina delle stelle \u00bb"}]},{"@type":"WebSite","@id":"https:\/\/www.graiesclimalab.eu\/fr\/#website","url":"https:\/\/www.graiesclimalab.eu\/fr\/","name":"Graies Clima Lab","description":"","publisher":{"@id":"https:\/\/www.graiesclimalab.eu\/fr\/#organization"},"potentialAction":[{"@type":"SearchAction","target":{"@type":"EntryPoint","urlTemplate":"https:\/\/www.graiesclimalab.eu\/fr\/?s={search_term_string}"},"query-input":{"@type":"PropertyValueSpecification","valueRequired":true,"valueName":"search_term_string"}}],"inLanguage":"fr-FR"},{"@type":"Organization","@id":"https:\/\/www.graiesclimalab.eu\/fr\/#organization","name":"Graies Clima Lab","url":"https:\/\/www.graiesclimalab.eu\/fr\/","logo":{"@type":"ImageObject","inLanguage":"fr-FR","@id":"https:\/\/www.graiesclimalab.eu\/fr\/#\/schema\/logo\/image\/","url":"https:\/\/www.graiesclimalab.eu\/wp-content\/uploads\/2025\/09\/logo-graies-interreg.png","contentUrl":"https:\/\/www.graiesclimalab.eu\/wp-content\/uploads\/2025\/09\/logo-graies-interreg.png","width":640,"height":120,"caption":"Graies Clima Lab"},"image":{"@id":"https:\/\/www.graiesclimalab.eu\/fr\/#\/schema\/logo\/image\/"},"sameAs":["https:\/\/www.facebook.com\/CittaMetroTO","https:\/\/www.instagram.com\/cittametroto\/"]},{"@type":"Person","@id":"https:\/\/www.graiesclimalab.eu\/fr\/#\/schema\/person\/da67397c198bd9846fc083120f075f82","name":"BarbaraG25","image":{"@type":"ImageObject","inLanguage":"fr-FR","@id":"https:\/\/secure.gravatar.com\/avatar\/1d74469495ffa37be86f47b0e4eaea9e68fa2671fbf06f6228abb6358f3a6183?s=96&d=mm&r=g","url":"https:\/\/secure.gravatar.com\/avatar\/1d74469495ffa37be86f47b0e4eaea9e68fa2671fbf06f6228abb6358f3a6183?s=96&d=mm&r=g","contentUrl":"https:\/\/secure.gravatar.com\/avatar\/1d74469495ffa37be86f47b0e4eaea9e68fa2671fbf06f6228abb6358f3a6183?s=96&d=mm&r=g","caption":"BarbaraG25"},"sameAs":["https:\/\/www.graiesclimalab.eu"],"url":"https:\/\/www.graiesclimalab.eu\/fr\/author\/barbarag25\/"}]}},"_links":{"self":[{"href":"https:\/\/www.graiesclimalab.eu\/fr\/wp-json\/wp\/v2\/posts\/2072","targetHints":{"allow":["GET"]}}],"collection":[{"href":"https:\/\/www.graiesclimalab.eu\/fr\/wp-json\/wp\/v2\/posts"}],"about":[{"href":"https:\/\/www.graiesclimalab.eu\/fr\/wp-json\/wp\/v2\/types\/post"}],"author":[{"embeddable":true,"href":"https:\/\/www.graiesclimalab.eu\/fr\/wp-json\/wp\/v2\/users\/1"}],"replies":[{"embeddable":true,"href":"https:\/\/www.graiesclimalab.eu\/fr\/wp-json\/wp\/v2\/comments?post=2072"}],"version-history":[{"count":0,"href":"https:\/\/www.graiesclimalab.eu\/fr\/wp-json\/wp\/v2\/posts\/2072\/revisions"}],"wp:featuredmedia":[{"embeddable":true,"href":"https:\/\/www.graiesclimalab.eu\/fr\/wp-json\/wp\/v2\/media\/2071"}],"wp:attachment":[{"href":"https:\/\/www.graiesclimalab.eu\/fr\/wp-json\/wp\/v2\/media?parent=2072"}],"wp:term":[{"taxonomy":"category","embeddable":true,"href":"https:\/\/www.graiesclimalab.eu\/fr\/wp-json\/wp\/v2\/categories?post=2072"},{"taxonomy":"post_tag","embeddable":true,"href":"https:\/\/www.graiesclimalab.eu\/fr\/wp-json\/wp\/v2\/tags?post=2072"}],"curies":[{"name":"wp","href":"https:\/\/api.w.org\/{rel}","templated":true}]}}