{"id":2481,"date":"2026-04-28T14:58:10","date_gmt":"2026-04-28T12:58:10","guid":{"rendered":"https:\/\/www.graiesclimalab.eu\/2026\/04\/28\/nina-delle-stelle-a-lecole\/"},"modified":"2026-04-30T15:11:14","modified_gmt":"2026-04-30T13:11:14","slug":"nina-delle-stelle-a-lecole","status":"publish","type":"post","link":"https:\/\/www.graiesclimalab.eu\/fr\/2026\/04\/28\/nina-delle-stelle-a-lecole\/","title":{"rendered":"\u00ab Nina delle Stelle \u00bb \u00e0 l&rsquo;\u00e9cole"},"content":{"rendered":"<p>Jeudi 23 avril a \u00e9t\u00e9 pr\u00e9sent\u00e9 le spectacle Nina delle Stelle &#8211; puoi salvare il mio pianeta? (Nina des \u00e9toiles, peux-tu sauver ma plan\u00e8te?), \u00e9crit et interpr\u00e9t\u00e9 par Filippo Tognazzo et produit per la compagnie Zelda Teatro.<\/p>\n<p>Le spectacle a \u00e9t\u00e9 invit\u00e9 dans les principaux fastivals scientifiques italiens et aborde le theme du lien entre \u00eatre humains et nature.<\/p>\n<p>Une fa\u00e7on dynamique et captivante de sensibiliser les enfants au th\u00e8me central de notre projet : agir pour sauver notre plan\u00e8te !<\/p>\n<p>Deux repr\u00e9sentations ont r\u00e9uni plus de 77 \u00e9l\u00e8ves des \u00e9coles maternelles et primaires de l&rsquo;Unit\u00e9 Grand-Paradis, ainsi qu&rsquo;une trentaine de spectateurs lors de la s\u00e9ance ouverte \u00e0 tous.<\/p>\n<p>Le journal en ligne NosAlpes en parle \u00e9galement:<a href=\"https:\/\/nosalpes.eu\/2026\/04\/19\/nina-delle-stelle-lo-spettacolo-per-linfanzia-per-la-sensibilizzazione-climatica\/\" target=\"_blank\" rel=\"noopener\"> https:\/\/nosalpes.eu\/fr\/2026\/04\/19\/nina-des-etoiles-le-spectacle-pour-enfants-pour-la-sensibilisation-au-climat\/<\/a><\/p>\n","protected":false},"excerpt":{"rendered":"<p>Plus de 100 enfants de l&rsquo;Unit\u00e9 Grand-Paradis ont assist\u00e9 \u00e0 Nina delle Stelle, un spectacle de th\u00e9\u00e2tre d\u00e9di\u00e9 \u00e0 la protection de la plan\u00e8te.<\/p>\n","protected":false},"author":1,"featured_media":2480,"comment_status":"closed","ping_status":"closed","sticky":false,"template":"","format":"standard","meta":{"_acf_changed":false,"footnotes":""},"categories":[24],"tags":[],"class_list":["post-2481","post","type-post","status-publish","format-standard","has-post-thumbnail","hentry","category-incit"],"acf":[],"yoast_head":"<!-- This site is optimized with the Yoast SEO plugin v27.5 - https:\/\/yoast.com\/product\/yoast-seo-wordpress\/ -->\n<title>\u00ab Nina delle Stelle \u00bb \u00e0 l&#039;\u00e9cole - Graies Clima Lab<\/title>\n<meta name=\"robots\" content=\"index, follow, max-snippet:-1, max-image-preview:large, max-video-preview:-1\" \/>\n<link rel=\"canonical\" href=\"https:\/\/www.graiesclimalab.eu\/fr\/2026\/04\/28\/nina-delle-stelle-a-lecole\/\" \/>\n<meta property=\"og:locale\" content=\"fr_FR\" \/>\n<meta property=\"og:type\" content=\"article\" \/>\n<meta property=\"og:title\" content=\"\u00ab Nina delle Stelle \u00bb \u00e0 l&#039;\u00e9cole - Graies Clima Lab\" \/>\n<meta property=\"og:description\" content=\"Plus de 100 enfants de l&#039;Unit\u00e9 Grand-Paradis ont assist\u00e9 \u00e0 Nina delle Stelle, un spectacle de th\u00e9\u00e2tre d\u00e9di\u00e9 \u00e0 la protection de la plan\u00e8te.\" \/>\n<meta property=\"og:url\" content=\"https:\/\/www.graiesclimalab.eu\/fr\/2026\/04\/28\/nina-delle-stelle-a-lecole\/\" \/>\n<meta property=\"og:site_name\" content=\"Graies Clima Lab\" \/>\n<meta property=\"article:publisher\" content=\"https:\/\/www.facebook.com\/CittaMetroTO\" \/>\n<meta property=\"article:published_time\" content=\"2026-04-28T12:58:10+00:00\" \/>\n<meta property=\"article:modified_time\" content=\"2026-04-30T13:11:14+00:00\" \/>\n<meta property=\"og:image\" content=\"https:\/\/www.graiesclimalab.eu\/wp-content\/uploads\/2026\/04\/nina-23-aprile_02.jpeg\" \/>\n\t<meta property=\"og:image:width\" content=\"1536\" \/>\n\t<meta property=\"og:image:height\" content=\"2048\" \/>\n\t<meta property=\"og:image:type\" content=\"image\/jpeg\" \/>\n<meta name=\"author\" content=\"BarbaraG25\" \/>\n<meta name=\"twitter:card\" content=\"summary_large_image\" \/>\n<meta name=\"twitter:label1\" content=\"\u00c9crit par\" \/>\n\t<meta name=\"twitter:data1\" content=\"BarbaraG25\" \/>\n\t<meta name=\"twitter:label2\" content=\"Dur\u00e9e de lecture estim\u00e9e\" \/>\n\t<meta name=\"twitter:data2\" content=\"1 minute\" \/>\n<script type=\"application\/ld+json\" class=\"yoast-schema-graph\">{\"@context\":\"https:\\\/\\\/schema.org\",\"@graph\":[{\"@type\":\"Article\",\"@id\":\"https:\\\/\\\/www.graiesclimalab.eu\\\/fr\\\/2026\\\/04\\\/28\\\/nina-delle-stelle-a-lecole\\\/#article\",\"isPartOf\":{\"@id\":\"https:\\\/\\\/www.graiesclimalab.eu\\\/fr\\\/2026\\\/04\\\/28\\\/nina-delle-stelle-a-lecole\\\/\"},\"author\":{\"name\":\"BarbaraG25\",\"@id\":\"https:\\\/\\\/www.graiesclimalab.eu\\\/fr\\\/#\\\/schema\\\/person\\\/da67397c198bd9846fc083120f075f82\"},\"headline\":\"\u00ab Nina delle Stelle \u00bb \u00e0 l&rsquo;\u00e9cole\",\"datePublished\":\"2026-04-28T12:58:10+00:00\",\"dateModified\":\"2026-04-30T13:11:14+00:00\",\"mainEntityOfPage\":{\"@id\":\"https:\\\/\\\/www.graiesclimalab.eu\\\/fr\\\/2026\\\/04\\\/28\\\/nina-delle-stelle-a-lecole\\\/\"},\"wordCount\":134,\"publisher\":{\"@id\":\"https:\\\/\\\/www.graiesclimalab.eu\\\/fr\\\/#organization\"},\"image\":{\"@id\":\"https:\\\/\\\/www.graiesclimalab.eu\\\/fr\\\/2026\\\/04\\\/28\\\/nina-delle-stelle-a-lecole\\\/#primaryimage\"},\"thumbnailUrl\":\"https:\\\/\\\/www.graiesclimalab.eu\\\/wp-content\\\/uploads\\\/2026\\\/04\\\/nina-23-aprile_02.jpeg\",\"articleSection\":[\"INCIT\"],\"inLanguage\":\"fr-FR\"},{\"@type\":\"WebPage\",\"@id\":\"https:\\\/\\\/www.graiesclimalab.eu\\\/fr\\\/2026\\\/04\\\/28\\\/nina-delle-stelle-a-lecole\\\/\",\"url\":\"https:\\\/\\\/www.graiesclimalab.eu\\\/fr\\\/2026\\\/04\\\/28\\\/nina-delle-stelle-a-lecole\\\/\",\"name\":\"\u00ab Nina delle Stelle \u00bb \u00e0 l'\u00e9cole - Graies Clima Lab\",\"isPartOf\":{\"@id\":\"https:\\\/\\\/www.graiesclimalab.eu\\\/fr\\\/#website\"},\"primaryImageOfPage\":{\"@id\":\"https:\\\/\\\/www.graiesclimalab.eu\\\/fr\\\/2026\\\/04\\\/28\\\/nina-delle-stelle-a-lecole\\\/#primaryimage\"},\"image\":{\"@id\":\"https:\\\/\\\/www.graiesclimalab.eu\\\/fr\\\/2026\\\/04\\\/28\\\/nina-delle-stelle-a-lecole\\\/#primaryimage\"},\"thumbnailUrl\":\"https:\\\/\\\/www.graiesclimalab.eu\\\/wp-content\\\/uploads\\\/2026\\\/04\\\/nina-23-aprile_02.jpeg\",\"datePublished\":\"2026-04-28T12:58:10+00:00\",\"dateModified\":\"2026-04-30T13:11:14+00:00\",\"breadcrumb\":{\"@id\":\"https:\\\/\\\/www.graiesclimalab.eu\\\/fr\\\/2026\\\/04\\\/28\\\/nina-delle-stelle-a-lecole\\\/#breadcrumb\"},\"inLanguage\":\"fr-FR\",\"potentialAction\":[{\"@type\":\"ReadAction\",\"target\":[\"https:\\\/\\\/www.graiesclimalab.eu\\\/fr\\\/2026\\\/04\\\/28\\\/nina-delle-stelle-a-lecole\\\/\"]}]},{\"@type\":\"ImageObject\",\"inLanguage\":\"fr-FR\",\"@id\":\"https:\\\/\\\/www.graiesclimalab.eu\\\/fr\\\/2026\\\/04\\\/28\\\/nina-delle-stelle-a-lecole\\\/#primaryimage\",\"url\":\"https:\\\/\\\/www.graiesclimalab.eu\\\/wp-content\\\/uploads\\\/2026\\\/04\\\/nina-23-aprile_02.jpeg\",\"contentUrl\":\"https:\\\/\\\/www.graiesclimalab.eu\\\/wp-content\\\/uploads\\\/2026\\\/04\\\/nina-23-aprile_02.jpeg\",\"width\":1536,\"height\":2048},{\"@type\":\"BreadcrumbList\",\"@id\":\"https:\\\/\\\/www.graiesclimalab.eu\\\/fr\\\/2026\\\/04\\\/28\\\/nina-delle-stelle-a-lecole\\\/#breadcrumb\",\"itemListElement\":[{\"@type\":\"ListItem\",\"position\":1,\"name\":\"Home\",\"item\":\"https:\\\/\\\/www.graiesclimalab.eu\\\/fr\\\/home\\\/\"},{\"@type\":\"ListItem\",\"position\":2,\"name\":\"\u00ab Nina delle Stelle \u00bb \u00e0 l&rsquo;\u00e9cole\"}]},{\"@type\":\"WebSite\",\"@id\":\"https:\\\/\\\/www.graiesclimalab.eu\\\/fr\\\/#website\",\"url\":\"https:\\\/\\\/www.graiesclimalab.eu\\\/fr\\\/\",\"name\":\"Graies Clima Lab\",\"description\":\"\",\"publisher\":{\"@id\":\"https:\\\/\\\/www.graiesclimalab.eu\\\/fr\\\/#organization\"},\"potentialAction\":[{\"@type\":\"SearchAction\",\"target\":{\"@type\":\"EntryPoint\",\"urlTemplate\":\"https:\\\/\\\/www.graiesclimalab.eu\\\/fr\\\/?s={search_term_string}\"},\"query-input\":{\"@type\":\"PropertyValueSpecification\",\"valueRequired\":true,\"valueName\":\"search_term_string\"}}],\"inLanguage\":\"fr-FR\"},{\"@type\":\"Organization\",\"@id\":\"https:\\\/\\\/www.graiesclimalab.eu\\\/fr\\\/#organization\",\"name\":\"Graies Clima Lab\",\"url\":\"https:\\\/\\\/www.graiesclimalab.eu\\\/fr\\\/\",\"logo\":{\"@type\":\"ImageObject\",\"inLanguage\":\"fr-FR\",\"@id\":\"https:\\\/\\\/www.graiesclimalab.eu\\\/fr\\\/#\\\/schema\\\/logo\\\/image\\\/\",\"url\":\"https:\\\/\\\/www.graiesclimalab.eu\\\/wp-content\\\/uploads\\\/2025\\\/09\\\/logo-graies-interreg.png\",\"contentUrl\":\"https:\\\/\\\/www.graiesclimalab.eu\\\/wp-content\\\/uploads\\\/2025\\\/09\\\/logo-graies-interreg.png\",\"width\":640,\"height\":120,\"caption\":\"Graies Clima Lab\"},\"image\":{\"@id\":\"https:\\\/\\\/www.graiesclimalab.eu\\\/fr\\\/#\\\/schema\\\/logo\\\/image\\\/\"},\"sameAs\":[\"https:\\\/\\\/www.facebook.com\\\/CittaMetroTO\",\"https:\\\/\\\/www.instagram.com\\\/cittametroto\\\/\"]},{\"@type\":\"Person\",\"@id\":\"https:\\\/\\\/www.graiesclimalab.eu\\\/fr\\\/#\\\/schema\\\/person\\\/da67397c198bd9846fc083120f075f82\",\"name\":\"BarbaraG25\",\"image\":{\"@type\":\"ImageObject\",\"inLanguage\":\"fr-FR\",\"@id\":\"https:\\\/\\\/secure.gravatar.com\\\/avatar\\\/1d74469495ffa37be86f47b0e4eaea9e68fa2671fbf06f6228abb6358f3a6183?s=96&d=mm&r=g\",\"url\":\"https:\\\/\\\/secure.gravatar.com\\\/avatar\\\/1d74469495ffa37be86f47b0e4eaea9e68fa2671fbf06f6228abb6358f3a6183?s=96&d=mm&r=g\",\"contentUrl\":\"https:\\\/\\\/secure.gravatar.com\\\/avatar\\\/1d74469495ffa37be86f47b0e4eaea9e68fa2671fbf06f6228abb6358f3a6183?s=96&d=mm&r=g\",\"caption\":\"BarbaraG25\"},\"sameAs\":[\"https:\\\/\\\/www.graiesclimalab.eu\"],\"url\":\"https:\\\/\\\/www.graiesclimalab.eu\\\/fr\\\/author\\\/barbarag25\\\/\"}]}<\/script>\n<!-- \/ Yoast SEO plugin. -->","yoast_head_json":{"title":"\u00ab Nina delle Stelle \u00bb \u00e0 l'\u00e9cole - Graies Clima Lab","robots":{"index":"index","follow":"follow","max-snippet":"max-snippet:-1","max-image-preview":"max-image-preview:large","max-video-preview":"max-video-preview:-1"},"canonical":"https:\/\/www.graiesclimalab.eu\/fr\/2026\/04\/28\/nina-delle-stelle-a-lecole\/","og_locale":"fr_FR","og_type":"article","og_title":"\u00ab Nina delle Stelle \u00bb \u00e0 l'\u00e9cole - Graies Clima Lab","og_description":"Plus de 100 enfants de l'Unit\u00e9 Grand-Paradis ont assist\u00e9 \u00e0 Nina delle Stelle, un spectacle de th\u00e9\u00e2tre d\u00e9di\u00e9 \u00e0 la protection de la plan\u00e8te.","og_url":"https:\/\/www.graiesclimalab.eu\/fr\/2026\/04\/28\/nina-delle-stelle-a-lecole\/","og_site_name":"Graies Clima Lab","article_publisher":"https:\/\/www.facebook.com\/CittaMetroTO","article_published_time":"2026-04-28T12:58:10+00:00","article_modified_time":"2026-04-30T13:11:14+00:00","og_image":[{"width":1536,"height":2048,"url":"https:\/\/www.graiesclimalab.eu\/wp-content\/uploads\/2026\/04\/nina-23-aprile_02.jpeg","type":"image\/jpeg"}],"author":"BarbaraG25","twitter_card":"summary_large_image","twitter_misc":{"\u00c9crit par":"BarbaraG25","Dur\u00e9e de lecture estim\u00e9e":"1 minute"},"schema":{"@context":"https:\/\/schema.org","@graph":[{"@type":"Article","@id":"https:\/\/www.graiesclimalab.eu\/fr\/2026\/04\/28\/nina-delle-stelle-a-lecole\/#article","isPartOf":{"@id":"https:\/\/www.graiesclimalab.eu\/fr\/2026\/04\/28\/nina-delle-stelle-a-lecole\/"},"author":{"name":"BarbaraG25","@id":"https:\/\/www.graiesclimalab.eu\/fr\/#\/schema\/person\/da67397c198bd9846fc083120f075f82"},"headline":"\u00ab Nina delle Stelle \u00bb \u00e0 l&rsquo;\u00e9cole","datePublished":"2026-04-28T12:58:10+00:00","dateModified":"2026-04-30T13:11:14+00:00","mainEntityOfPage":{"@id":"https:\/\/www.graiesclimalab.eu\/fr\/2026\/04\/28\/nina-delle-stelle-a-lecole\/"},"wordCount":134,"publisher":{"@id":"https:\/\/www.graiesclimalab.eu\/fr\/#organization"},"image":{"@id":"https:\/\/www.graiesclimalab.eu\/fr\/2026\/04\/28\/nina-delle-stelle-a-lecole\/#primaryimage"},"thumbnailUrl":"https:\/\/www.graiesclimalab.eu\/wp-content\/uploads\/2026\/04\/nina-23-aprile_02.jpeg","articleSection":["INCIT"],"inLanguage":"fr-FR"},{"@type":"WebPage","@id":"https:\/\/www.graiesclimalab.eu\/fr\/2026\/04\/28\/nina-delle-stelle-a-lecole\/","url":"https:\/\/www.graiesclimalab.eu\/fr\/2026\/04\/28\/nina-delle-stelle-a-lecole\/","name":"\u00ab Nina delle Stelle \u00bb \u00e0 l'\u00e9cole - Graies Clima Lab","isPartOf":{"@id":"https:\/\/www.graiesclimalab.eu\/fr\/#website"},"primaryImageOfPage":{"@id":"https:\/\/www.graiesclimalab.eu\/fr\/2026\/04\/28\/nina-delle-stelle-a-lecole\/#primaryimage"},"image":{"@id":"https:\/\/www.graiesclimalab.eu\/fr\/2026\/04\/28\/nina-delle-stelle-a-lecole\/#primaryimage"},"thumbnailUrl":"https:\/\/www.graiesclimalab.eu\/wp-content\/uploads\/2026\/04\/nina-23-aprile_02.jpeg","datePublished":"2026-04-28T12:58:10+00:00","dateModified":"2026-04-30T13:11:14+00:00","breadcrumb":{"@id":"https:\/\/www.graiesclimalab.eu\/fr\/2026\/04\/28\/nina-delle-stelle-a-lecole\/#breadcrumb"},"inLanguage":"fr-FR","potentialAction":[{"@type":"ReadAction","target":["https:\/\/www.graiesclimalab.eu\/fr\/2026\/04\/28\/nina-delle-stelle-a-lecole\/"]}]},{"@type":"ImageObject","inLanguage":"fr-FR","@id":"https:\/\/www.graiesclimalab.eu\/fr\/2026\/04\/28\/nina-delle-stelle-a-lecole\/#primaryimage","url":"https:\/\/www.graiesclimalab.eu\/wp-content\/uploads\/2026\/04\/nina-23-aprile_02.jpeg","contentUrl":"https:\/\/www.graiesclimalab.eu\/wp-content\/uploads\/2026\/04\/nina-23-aprile_02.jpeg","width":1536,"height":2048},{"@type":"BreadcrumbList","@id":"https:\/\/www.graiesclimalab.eu\/fr\/2026\/04\/28\/nina-delle-stelle-a-lecole\/#breadcrumb","itemListElement":[{"@type":"ListItem","position":1,"name":"Home","item":"https:\/\/www.graiesclimalab.eu\/fr\/home\/"},{"@type":"ListItem","position":2,"name":"\u00ab Nina delle Stelle \u00bb \u00e0 l&rsquo;\u00e9cole"}]},{"@type":"WebSite","@id":"https:\/\/www.graiesclimalab.eu\/fr\/#website","url":"https:\/\/www.graiesclimalab.eu\/fr\/","name":"Graies Clima Lab","description":"","publisher":{"@id":"https:\/\/www.graiesclimalab.eu\/fr\/#organization"},"potentialAction":[{"@type":"SearchAction","target":{"@type":"EntryPoint","urlTemplate":"https:\/\/www.graiesclimalab.eu\/fr\/?s={search_term_string}"},"query-input":{"@type":"PropertyValueSpecification","valueRequired":true,"valueName":"search_term_string"}}],"inLanguage":"fr-FR"},{"@type":"Organization","@id":"https:\/\/www.graiesclimalab.eu\/fr\/#organization","name":"Graies Clima Lab","url":"https:\/\/www.graiesclimalab.eu\/fr\/","logo":{"@type":"ImageObject","inLanguage":"fr-FR","@id":"https:\/\/www.graiesclimalab.eu\/fr\/#\/schema\/logo\/image\/","url":"https:\/\/www.graiesclimalab.eu\/wp-content\/uploads\/2025\/09\/logo-graies-interreg.png","contentUrl":"https:\/\/www.graiesclimalab.eu\/wp-content\/uploads\/2025\/09\/logo-graies-interreg.png","width":640,"height":120,"caption":"Graies Clima Lab"},"image":{"@id":"https:\/\/www.graiesclimalab.eu\/fr\/#\/schema\/logo\/image\/"},"sameAs":["https:\/\/www.facebook.com\/CittaMetroTO","https:\/\/www.instagram.com\/cittametroto\/"]},{"@type":"Person","@id":"https:\/\/www.graiesclimalab.eu\/fr\/#\/schema\/person\/da67397c198bd9846fc083120f075f82","name":"BarbaraG25","image":{"@type":"ImageObject","inLanguage":"fr-FR","@id":"https:\/\/secure.gravatar.com\/avatar\/1d74469495ffa37be86f47b0e4eaea9e68fa2671fbf06f6228abb6358f3a6183?s=96&d=mm&r=g","url":"https:\/\/secure.gravatar.com\/avatar\/1d74469495ffa37be86f47b0e4eaea9e68fa2671fbf06f6228abb6358f3a6183?s=96&d=mm&r=g","contentUrl":"https:\/\/secure.gravatar.com\/avatar\/1d74469495ffa37be86f47b0e4eaea9e68fa2671fbf06f6228abb6358f3a6183?s=96&d=mm&r=g","caption":"BarbaraG25"},"sameAs":["https:\/\/www.graiesclimalab.eu"],"url":"https:\/\/www.graiesclimalab.eu\/fr\/author\/barbarag25\/"}]}},"_links":{"self":[{"href":"https:\/\/www.graiesclimalab.eu\/fr\/wp-json\/wp\/v2\/posts\/2481","targetHints":{"allow":["GET"]}}],"collection":[{"href":"https:\/\/www.graiesclimalab.eu\/fr\/wp-json\/wp\/v2\/posts"}],"about":[{"href":"https:\/\/www.graiesclimalab.eu\/fr\/wp-json\/wp\/v2\/types\/post"}],"author":[{"embeddable":true,"href":"https:\/\/www.graiesclimalab.eu\/fr\/wp-json\/wp\/v2\/users\/1"}],"replies":[{"embeddable":true,"href":"https:\/\/www.graiesclimalab.eu\/fr\/wp-json\/wp\/v2\/comments?post=2481"}],"version-history":[{"count":1,"href":"https:\/\/www.graiesclimalab.eu\/fr\/wp-json\/wp\/v2\/posts\/2481\/revisions"}],"predecessor-version":[{"id":2484,"href":"https:\/\/www.graiesclimalab.eu\/fr\/wp-json\/wp\/v2\/posts\/2481\/revisions\/2484"}],"wp:featuredmedia":[{"embeddable":true,"href":"https:\/\/www.graiesclimalab.eu\/fr\/wp-json\/wp\/v2\/media\/2480"}],"wp:attachment":[{"href":"https:\/\/www.graiesclimalab.eu\/fr\/wp-json\/wp\/v2\/media?parent=2481"}],"wp:term":[{"taxonomy":"category","embeddable":true,"href":"https:\/\/www.graiesclimalab.eu\/fr\/wp-json\/wp\/v2\/categories?post=2481"},{"taxonomy":"post_tag","embeddable":true,"href":"https:\/\/www.graiesclimalab.eu\/fr\/wp-json\/wp\/v2\/tags?post=2481"}],"curies":[{"name":"wp","href":"https:\/\/api.w.org\/{rel}","templated":true}]}}